{"id":66713,"date":"2023-12-20T09:49:43","date_gmt":"2023-12-20T09:49:43","guid":{"rendered":"https:\/\/rdnews.al\/?p=66713"},"modified":"2023-12-20T09:49:43","modified_gmt":"2023-12-20T09:49:43","slug":"fshehu-denimin-ne-greqi-a-do-te-denohet-nga-gjkko-kryebashkiaku-i-kucoves","status":"publish","type":"post","link":"https:\/\/rdnews.al\/index.php\/2023\/12\/20\/fshehu-denimin-ne-greqi-a-do-te-denohet-nga-gjkko-kryebashkiaku-i-kucoves\/","title":{"rendered":"Fshehu d\u00ebnimin n\u00eb Greqi, a do t\u00eb d\u00ebnohet nga GJKKO kryebashkiaku i Ku\u00e7ov\u00ebs?"},"content":{"rendered":"<p>Kryebashkiaku i Ku\u00e7ov\u00ebs, Kreshnik Hajdari, i cili akuzohet p\u00ebr fshehje t\u00eb nj\u00eb d\u00ebnimi n\u00eb Greqi, koh\u00eb kur ishte emigrant i paligjsh\u00ebm \u00ebsht\u00eb marr\u00eb i pandehur nga SPAK. Hajdari akuzohet p\u00ebr vepr\u00ebn penale t\u00eb \u201cFalsifikimi i vulave, i stampave ose i formular\u00ebve\u201d. Dosja e Hajdarit \u00ebsht\u00eb d\u00ebrguar p\u00ebr gjykim n\u00eb GJKKO.<\/p>\n<p><strong>NJOFTIMI<\/strong><\/p>\n<p>Prokuroria e Posa\u00e7me kund\u00ebr Korrupsionit dhe Krimit t\u00eb Organizuar, me dat\u00eb 18.12.2023 ka paraqitur k\u00ebrkes\u00ebn p\u00ebr gjykim t\u00eb procedimit penal nr.80 t\u00eb vitit 2023, n\u00eb ngarkim t\u00eb t\u00eb pandehurit Kreshnik Hajdari, aktualisht me detyr\u00eb Kryetar i Bashkis\u00eb Ku\u00e7ov\u00eb, i akuzuar p\u00ebr kryerjen e vepr\u00ebs penale t\u00eb \u201cFalsifikimi i vulave, i stampave ose i formular\u00ebve\u201d, m\u00eb shum\u00eb se nj\u00eb her\u00eb, parashikuar nga neni 190\/2 i Kodit Penal.<\/p>\n<p>Nga aktet e administruara n\u00eb kuad\u00ebr t\u00eb hetimit t\u00eb procedimit penal nr.80 t\u00eb vitit 2023, ka rezultuar se shtetasi Kreshnik Hajdari, duke qen\u00eb kandidat p\u00ebr Kryetar i Bashkis\u00eb Ku\u00e7ov\u00eb, n\u00eb zgjedhjet p\u00ebr organet e qeverisjes vendore t\u00eb zhvilluara me dat\u00eb 30 qershor 2019, ka patur detyrimin ligjor dhe ka plot\u00ebsuar formularin e vet\u00ebdeklarimit (me dat\u00eb 11.05.2019), t\u00eb cilin e ka dor\u00ebzuar pran\u00eb Komisionit Qendror t\u00eb Zgjedhjeve (protokolluar me nr.3222, dat\u00eb 13.05.2019).<\/p>\n<p>Me vendimin nr.2, dat\u00eb 20.05.2019, t\u00eb Komisionit t\u00eb Zon\u00ebs p\u00ebr Administrimin Zgjedhor nr. 63, Qarku Berat, \u00ebsht\u00eb vendosur q\u00eb shtetasi Kreshnik Hajdari t\u00eb regjistrohet si kandidat p\u00ebr Kryetar t\u00eb Bashkis\u00eb Ku\u00e7ov\u00eb, n\u00eb zgjedhjet p\u00ebr organet e qeverisjes vendore t\u00eb dat\u00ebs 30 qershor 2019. N\u00eb p\u00ebrfundim t\u00eb procesit zgjedhor shtetasi Kreshnik Hajdari \u00ebsht\u00eb zgjedhur dhe ka fituar mandatin e Kryetarit t\u00eb Bashkis\u00eb Ku\u00e7ov\u00eb, detyr\u00eb t\u00eb cil\u00ebn e ka ushtruar n\u00eb vitet 2019-2023. N\u00eb p\u00ebrmbajtjen e formularit t\u00eb vet\u00ebdeklarimit, t\u00eb dat\u00ebs 11.05.2019, subjekti deklarues, shtetasi Kreshnik Hajdari, ka pohuar se nuk ka qen\u00eb ndonj\u00ebher\u00eb n\u00eb hetim ose gjykim nga nj\u00eb autoritet i huaj, p\u00ebr kryerjen e nj\u00eb vepre penale, si dhe nuk ka qen\u00eb ndonj\u00ebher\u00eb i d\u00ebnuar me vendim t\u00eb form\u00ebs s\u00eb prer\u00eb nga nj\u00eb autoritet gjyq\u00ebsor shqiptar ose i huaj.<\/p>\n<p>Po ashtu, shtetasi Kreshnik Hajdari, duke qen\u00eb kandidat p\u00ebr Kryetar i Bashkis\u00eb Ku\u00e7ov\u00eb n\u00eb zgjedhjet vendore p\u00ebr organet e qeverisjes vendore t\u00eb zhvilluara me dat\u00eb 14 maj 2023, ka patur detyrimin ligjor dhe ka plot\u00ebsuar formularin e vet\u00ebdeklarimit me dat\u00eb 26.03.2023, t\u00eb cilin e ka dor\u00ebzuar pran\u00eb Komisionit Qendror t\u00eb Zgjedhjeve (protokolluar me nr.17366, dat\u00eb 02.04.2023).<\/p>\n<p>Me vendimin nr.5, dat\u00eb 28.03.2023, t\u00eb Komisionit t\u00eb Zon\u00ebs p\u00ebr Administrimin Zgjedhor nr. 64, Qarku Berat, \u00ebsht\u00eb vendosur q\u00eb shtetasi Kreshnik Hajdari t\u00eb regjistrohet si kandidat p\u00ebr Kryetar t\u00eb Bashkis\u00eb Ku\u00e7ov\u00eb, n\u00eb zgjedhjet p\u00ebr organet e qeverisjes vendore t\u00eb dat\u00ebs 14 maj 2023. Rezulton se n\u00eb zgjedhjet e zhvilluara me dat\u00eb 14.05.2023, shtetasi Kreshnik Hajdari \u00ebsht\u00eb rizgjedhur si Kryetar i Bashkis\u00eb Ku\u00e7ov\u00eb p\u00ebr vitet 2023-2027.<\/p>\n<p>N\u00eb p\u00ebrmbajtjen e formularit t\u00eb vet\u00ebdeklarimit t\u00eb dat\u00ebs 26.03.2023, subjekti deklarues, shtetasi Kreshnik Hajdari ka pohuar se nuk ka qen\u00eb ndonj\u00ebher\u00eb n\u00eb hetim ose gjykim nga nj\u00eb autoritet i huaj, p\u00ebr kryerjen e nj\u00eb vepre penale, si dhe nuk ka qen\u00eb ndonj\u00ebher\u00eb i d\u00ebnuar me vendim t\u00eb form\u00ebs s\u00eb prer\u00eb nga nj\u00eb autoritet gjyq\u00ebsor shqiptar ose i huaj. Nga aktet e administruara, provat e marra n\u00ebp\u00ebrmjet let\u00ebrporosis\u00eb nga Autoritetet Greke t\u00eb Drejt\u00ebsis\u00eb, rezulton se shtetasi Kreshnik Hajdari \u00ebsht\u00eb i d\u00ebnuar me vendimin e form\u00ebs s\u00eb prer\u00eb t\u00eb Gjykat\u00ebs s\u00eb Shkall\u00ebs s\u00eb Par\u00eb Janin\u00eb\/Gjykata Penale me Nj\u00eb An\u00ebtar, Nr.3286\/23-6-1999, me mas\u00ebn riedukuese t\u00eb qortimit, p\u00ebr shkeljet: Hyrja n\u00eb territorin grek pa ruajtur formalitetet ligjore p\u00ebrkat\u00ebse (shkelje e nenit 4 \u00a7\u00a71 dhe 3 t\u00eb Ligjit 1975\/1991).<\/p>\n<p>I pandehuri Kreshnik Hajdari, kishte detyrimin ligjor p\u00ebr t\u00eb deklaruar tek formulari i vet\u00ebdeklarimit k\u00ebt\u00eb rrethan\u00eb, n\u00eb lidhje me d\u00ebnimin e tij nga nj\u00eb gjykat\u00eb e huaj, kjo n\u00eb zbatim t\u00eb ligjit nr. 138\/2015 \u201cP\u00ebr garantimin e integritetit t\u00eb personave q\u00eb zgjidhen, em\u00ebrohen ose ushtrojn\u00eb funksione publike\u201d, si dhe vendimit t\u00eb Kuvendit nr.17\/2016, \u201cP\u00ebr p\u00ebrcaktimin e rregullave t\u00eb detajuara mbi zbatimin e ndalimeve t\u00eb parashikuara n\u00eb ligjin nr.138\/2015 \u201cP\u00ebr garantimin e integritetit t\u00eb personave q\u00eb zgjidhen, em\u00ebrohen ose ushtrojn\u00eb funksione publike\u201d. Ky fakt nuk \u00ebsht\u00eb deklaruar n\u00eb dy formular\u00ebt e vet\u00ebdeklarimit t\u00eb datave 11.05.2019 dhe 26.03.2023, duke konsumuar k\u00ebshtu element\u00ebt e vepr\u00ebs penale \u201cFalsifikimi i vulave, i stampave ose i formular\u00ebve\u201d, m\u00eb shum\u00eb se nj\u00eb her\u00eb, parashikuar nga neni 190\/2 i Kodit Penal.<\/p>\n","protected":false},"excerpt":{"rendered":"<p>Kryebashkiaku i Ku\u00e7ov\u00ebs, Kreshnik Hajdari, i cili akuzohet p\u00ebr fshehje t\u00eb nj\u00eb d\u00ebnimi n\u00eb Greqi, koh\u00eb kur ishte emigrant i paligjsh\u00ebm \u00ebsht\u00eb marr\u00eb i pandehur nga SPAK. Hajdari akuzohet p\u00ebr vepr\u00ebn penale t\u00eb \u201cFalsifikimi i vulave, i stampave ose i formular\u00ebve\u201d. Dosja e Hajdarit \u00ebsht\u00eb d\u00ebrguar p\u00ebr gjykim n\u00eb GJKKO. NJOFTIMI Prokuroria e Posa\u00e7me kund\u00ebr &hellip;<\/p>\n","protected":false},"author":4,"featured_media":63512,"comment_status":"closed","ping_status":"closed","sticky":false,"template":"","format":"standard","meta":{"footnotes":""},"categories":[37],"tags":[],"class_list":["post-66713","post","type-post","status-publish","format-standard","has-post-thumbnail","","category-politike"],"_links":{"self":[{"href":"https:\/\/rdnews.al\/index.php\/wp-json\/wp\/v2\/posts\/66713","targetHints":{"allow":["GET"]}}],"collection":[{"href":"https:\/\/rdnews.al\/index.php\/wp-json\/wp\/v2\/posts"}],"about":[{"href":"https:\/\/rdnews.al\/index.php\/wp-json\/wp\/v2\/types\/post"}],"author":[{"embeddable":true,"href":"https:\/\/rdnews.al\/index.php\/wp-json\/wp\/v2\/users\/4"}],"replies":[{"embeddable":true,"href":"https:\/\/rdnews.al\/index.php\/wp-json\/wp\/v2\/comments?post=66713"}],"version-history":[{"count":0,"href":"https:\/\/rdnews.al\/index.php\/wp-json\/wp\/v2\/posts\/66713\/revisions"}],"wp:featuredmedia":[{"embeddable":true,"href":"https:\/\/rdnews.al\/index.php\/wp-json\/wp\/v2\/media\/63512"}],"wp:attachment":[{"href":"https:\/\/rdnews.al\/index.php\/wp-json\/wp\/v2\/media?parent=66713"}],"wp:term":[{"taxonomy":"category","embeddable":true,"href":"https:\/\/rdnews.al\/index.php\/wp-json\/wp\/v2\/categories?post=66713"},{"taxonomy":"post_tag","embeddable":true,"href":"https:\/\/rdnews.al\/index.php\/wp-json\/wp\/v2\/tags?post=66713"}],"curies":[{"name":"wp","href":"https:\/\/api.w.org\/{rel}","templated":true}]}}