{"id":66715,"date":"2023-12-20T10:13:29","date_gmt":"2023-12-20T10:13:29","guid":{"rendered":"https:\/\/rdnews.al\/?p=66715"},"modified":"2023-12-20T12:20:10","modified_gmt":"2023-12-20T12:20:10","slug":"denimet-e-arben-krajes-si-hetues-i-sigurimit-qytetari-te-burgoset-se-shkeli-moralin-komunist","status":"publish","type":"post","link":"https:\/\/rdnews.al\/index.php\/2023\/12\/20\/denimet-e-arben-krajes-si-hetues-i-sigurimit-qytetari-te-burgoset-se-shkeli-moralin-komunist\/","title":{"rendered":"D\u00ebnimet e Arben Kraj\u00ebs si hetues i Sigurimit: Qytetari t\u00eb burgoset se shkeli moralin komunist\u2026"},"content":{"rendered":"<p>E shkuara si hetues gjat\u00eb diktatur\u00ebs e prokurorit Arben Kraja ka v\u00ebn\u00eb n\u00eb diskutim integritetin e Struktur\u00ebs s\u00eb Posa\u00e7me Anti-Korrupsion (SPAK) dhe reform\u00ebs n\u00eb drejt\u00ebsi. Ajo ka nxjerr\u00eb n\u00eb pah cekt\u00ebsin\u00eb e vlerave morale me t\u00eb cilat u krye procesi i kualifikimit t\u00eb an\u00ebtar\u00ebve t\u00eb sistemit t\u00eb ri t\u00eb drejt\u00ebsis\u00eb dhe mang\u00ebsit\u00eb institucioneve p\u00ebr t\u00eb verifikuar figur\u00ebn e zyrtar\u00ebve 30 vite pas rr\u00ebzimit t\u00eb diktatur\u00ebs.<\/p>\n<p>Ish-drejtuesi i Institutit t\u00eb Studimeve p\u00ebr Krimet dhe Pasojat e Komunizmit (ISKK)\u00a0<a href=\"https:\/\/www.facebook.com\/atufa3\/posts\/10220956575975331\" target=\"_blank\" rel=\"noopener\">Agron Tufa denoncoi faktin se<\/a>\u00a0gjat\u00eb fundit t\u00eb regjimit diktatorial, Zoti Kraja,\u00a0<a href=\"https:\/\/exit.al\/2019\/12\/klp-zgjedh-arben-krajen-drejtues-te-spak\/\" target=\"_blank\" rel=\"noopener\">i zgjedhur\u00a0kryetar i SPAK<\/a>, kishte marr\u00eb pjes\u00eb si hetues n\u00eb procese gjyq\u00ebsore politike.<\/p>\n<p>Nj\u00eb vit m\u00eb par\u00eb, Tufa kishte <a href=\"https:\/\/www.gazetaexpress.com\/oped-veting-pr-t-u-peshtyre-ne-surrat-558248\/\" target=\"_blank\" rel=\"noopener\">ngritur me shqet\u00ebsim<\/a>\u00a0munges\u00ebn e kritereve p\u00ebrjashtuese nga sistemi i drejt\u00ebsis\u00eb t\u00eb ish-prokuror\u00ebve, ish-gjyqtar\u00ebve apo dhe ish-hetuesve t\u00eb diktatur\u00ebs, t\u00eb cil\u00ebt asokohe ishin pjes\u00eb e strukturave q\u00eb shtypnin lirit\u00eb dhe t\u00eb drejtat e qytetar\u00ebve.<\/p>\n<p>Tridhjet\u00eb vite pas rr\u00ebzimit t\u00eb diktatur\u00ebs, nj\u00eb ish-zyrtar i strukturave t\u00eb saj, drejton struktur\u00ebn q\u00eb propagandohet se do ta nxjerr\u00eb vendin nga tranzicioni duke hetuar n\u00eb nivele t\u00eb larta krimin dhe korrupsionin.<\/p>\n<p>Tridhjet\u00eb vite pas rr\u00ebzimit t\u00eb diktatur\u00ebs, Kryetari i Kuvendit dhe Kryetari i Akademis\u00eb s\u00eb Shkencave jan\u00eb ish-ministra t\u00eb atij regjimi.<\/p>\n<p>Tridhjet\u00eb vite pas rr\u00ebzimit t\u00eb diktatur\u00ebs\u00a0<a href=\"https:\/\/exit.al\/2019\/12\/perndjekja-deri-ne-azil-ndaj-agron-tufes\/\" target=\"_blank\" rel=\"noopener\">antikomunist\u00ebt vazhdohet t\u00eb persekutohen<\/a>. Ish-Drejtuesi i ISKK-s\u00eb, Agron Tufa \u00ebsht\u00eb n\u00eb Zvic\u00ebr si azilk\u00ebrkues pas k\u00ebrc\u00ebnimeve p\u00ebr shkak t\u00eb detyr\u00ebs dhe advokimit publik p\u00ebr rishikim t\u00eb historis\u00eb, vler\u00ebsim t\u00eb pasojave dhe d\u00ebnimit t\u00eb krimeve q\u00eb u kryen nga diktatura.<\/p>\n<p><strong>Rasti i prokurorit t\u00eb SPAK Arben Kraja<\/strong><\/p>\n<p>P\u00ebrpara em\u00ebrimit si an\u00ebtar n\u00eb SPAK, m\u00eb 21 shkurt 2019, K\u00ebshilli i Lart\u00eb i Prokuroris\u00eb (KLP) i k\u00ebrkoi Autoriteti p\u00ebr Informimin mbi Dokumentet e Ish-Sigurimit t\u00eb Shtetit (AIDSSH) verifikimin n\u00ebse dispononte informacione, t\u00eb dh\u00ebna apo dokumente p\u00ebr cil\u00ebsit\u00eb etike, morale dhe profesionale t\u00eb figur\u00ebs s\u00eb Kraj\u00ebs.<\/p>\n<p>Pas 27 dit\u00ebsh zyrtare pune, m\u00eb 3 prill 2019,\u00a0<a href=\"https:\/\/exit.al\/wp-content\/uploads\/2019\/12\/AIDSSH-KLP-Arben-Kraja.pdf\" target=\"_blank\" rel=\"noopener\">AIDSSH i u p\u00ebrgjigj se\u00a0<\/a>nga verifikimet e b\u00ebra \u201cderi n\u00eb at\u00eb moment nuk kishin rezultuar materiale n\u00eb em\u00ebr t\u00eb tij n\u00eb dokumente t\u00eb ish-Sigurimit t\u00eb Shtetit\u201d. AIDSSH madje interpretoi edhe gjetje arkivore jo t\u00eb Sigurimit p\u00ebr t\u00eb treguar se ato nuk shkelnin cil\u00ebsit\u00eb etike, morale apo profesionale t\u00eb figur\u00ebs s\u00eb Zotit Kraja.<\/p>\n<p>AIDSSH konfirmoi se gjat\u00eb viteve t\u00eb fundit t\u00eb diktatur\u00ebs ai ka qen\u00eb hetues n\u00eb Shkod\u00ebr, por tha se nga dokumentat q\u00eb kishte shqyrtuar, ai kishte \u201chetuar nj\u00eb \u00e7\u00ebshtje penale kalimi t\u00eb paligjsh\u00ebm t\u00eb kufirit\u201d. P\u00ebr k\u00ebt\u00eb hetim, AIDSSH i paraqiti KLP-s\u00eb nj\u00eb interpretim ligjor, sipas s\u00eb cilit hetimi q\u00eb kishte b\u00ebr\u00eb asokohe Kraja, nuk kishte qen\u00eb p\u00ebr vep\u00ebr politike, por administrative.<\/p>\n<p>Rasti ka t\u00eb b\u00ebj\u00eb me arrestimin e dy personave n\u00eb Vor\u00eb p\u00ebr tentativ\u00eb arratisjeje pas ngjarjes s\u00eb ambasadave m\u00eb 2 korrik 1990.<\/p>\n<p>N\u00eb nj\u00eb reagim n\u00eb Facebook, studiuesi\u00a0<a href=\"https:\/\/www.facebook.com\/kastriot.dervishi.9\/posts\/2592566720791147\" target=\"_blank\" rel=\"noopener\">Kastriot Dervishi kujtoi<\/a>\u00a0se\u00a0<a href=\"http:\/\/www.financa.gov.al\/wp-content\/uploads\/2018\/01\/Ligji_per_demshperblimin_e_ish_te_denuarve_politike_i_azhurnuar1.pdf\" target=\"_blank\" rel=\"noopener\">ligji p\u00ebr d\u00ebmshp\u00ebrblimin e ish-t\u00eb p\u00ebrndjekurve<\/a> njeh si \u201cvep\u00ebr politike\u201d edhe \u201ckalimin e paligjsh\u00ebm t\u00eb kufirit\u201d, nd\u00ebrsa AIDSSH me interpretimin q\u00eb i b\u00ebri rastit t\u00eb prokurorit Kraja, ka r\u00ebn\u00eb ndesh me k\u00ebt\u00eb ligj.<\/p>\n<p>Por p\u00ebrve\u00e7 k\u00ebtij rasti \u2013 q\u00eb sipas AIDSSH-s\u00eb, mund t\u00eb interpretohet \u2013 Tufa, <a href=\"https:\/\/www.facebook.com\/photo.php?fbid=10220965038586891&amp;set=a.1233487648522&amp;type=3\" target=\"_blank\" rel=\"noopener\">publikoi nj\u00eb procesverbal<\/a>\u00a0t\u00eb 27 korrikut 1990, ku Zoti Kraja, si hetues, urdh\u00ebronte arrestimin e nj\u00eb personi nga Shkodra p\u00ebr \u201cvepra q\u00eb bien n\u00eb kund\u00ebrshtim me normat e moralit komunist\u201d.<\/p>\n<p>Sigurisht, fakti se \u2013 me 27 dit\u00eb k\u00ebrkime nga AIDSSH \u2013 nuk ka t\u00eb dh\u00ebna q\u00eb Kraja t\u00eb ket\u00eb qen\u00eb pjes\u00eb e strukturave t\u00eb Sigurimit \u00ebsht\u00eb leht\u00ebsues p\u00ebr pozitat e tij. Por t\u00eb dh\u00ebna t\u00eb tjera arkivore \u2013 si ato t\u00eb vendimmarrjeve t\u00eb hetuesis\u00eb \u2013 q\u00eb tregojn\u00eb se n\u00eb koh\u00ebn e diktatur\u00ebs ka marr\u00eb pjes\u00eb n\u00eb procese politike, ia vendosin seriozisht n\u00eb diskutim cil\u00ebsit\u00eb e tij etike dhe morale.<\/p>\n<p><strong>Dokumenti<\/strong><\/p>\n<p><img loading=\"lazy\" decoding=\"async\" class=\"alignnone size-medium wp-image-66717\" src=\"https:\/\/rdnews.al\/wp-content\/uploads\/2023\/12\/doc-222x300.jpg\" alt=\"\" width=\"222\" height=\"300\" srcset=\"https:\/\/rdnews.al\/wp-content\/uploads\/2023\/12\/doc-222x300.jpg 222w, https:\/\/rdnews.al\/wp-content\/uploads\/2023\/12\/doc-758x1024.jpg 758w, https:\/\/rdnews.al\/wp-content\/uploads\/2023\/12\/doc-768x1038.jpg 768w, https:\/\/rdnews.al\/wp-content\/uploads\/2023\/12\/doc-1137x1536.jpg 1137w, https:\/\/rdnews.al\/wp-content\/uploads\/2023\/12\/doc.jpg 1284w\" sizes=\"auto, (max-width: 222px) 100vw, 222px\" \/><\/p>\n","protected":false},"excerpt":{"rendered":"<p>E shkuara si hetues gjat\u00eb diktatur\u00ebs e prokurorit Arben Kraja ka v\u00ebn\u00eb n\u00eb diskutim integritetin e Struktur\u00ebs s\u00eb Posa\u00e7me Anti-Korrupsion (SPAK) dhe reform\u00ebs n\u00eb drejt\u00ebsi. Ajo ka nxjerr\u00eb n\u00eb pah cekt\u00ebsin\u00eb e vlerave morale me t\u00eb cilat u krye procesi i kualifikimit t\u00eb an\u00ebtar\u00ebve t\u00eb sistemit t\u00eb ri t\u00eb drejt\u00ebsis\u00eb dhe mang\u00ebsit\u00eb institucioneve p\u00ebr t\u00eb &hellip;<\/p>\n","protected":false},"author":4,"featured_media":66716,"comment_status":"closed","ping_status":"closed","sticky":false,"template":"","format":"standard","meta":{"footnotes":""},"categories":[40],"tags":[],"class_list":["post-66715","post","type-post","status-publish","format-standard","has-post-thumbnail","","category-aktualitet"],"_links":{"self":[{"href":"https:\/\/rdnews.al\/index.php\/wp-json\/wp\/v2\/posts\/66715","targetHints":{"allow":["GET"]}}],"collection":[{"href":"https:\/\/rdnews.al\/index.php\/wp-json\/wp\/v2\/posts"}],"about":[{"href":"https:\/\/rdnews.al\/index.php\/wp-json\/wp\/v2\/types\/post"}],"author":[{"embeddable":true,"href":"https:\/\/rdnews.al\/index.php\/wp-json\/wp\/v2\/users\/4"}],"replies":[{"embeddable":true,"href":"https:\/\/rdnews.al\/index.php\/wp-json\/wp\/v2\/comments?post=66715"}],"version-history":[{"count":0,"href":"https:\/\/rdnews.al\/index.php\/wp-json\/wp\/v2\/posts\/66715\/revisions"}],"wp:featuredmedia":[{"embeddable":true,"href":"https:\/\/rdnews.al\/index.php\/wp-json\/wp\/v2\/media\/66716"}],"wp:attachment":[{"href":"https:\/\/rdnews.al\/index.php\/wp-json\/wp\/v2\/media?parent=66715"}],"wp:term":[{"taxonomy":"category","embeddable":true,"href":"https:\/\/rdnews.al\/index.php\/wp-json\/wp\/v2\/categories?post=66715"},{"taxonomy":"post_tag","embeddable":true,"href":"https:\/\/rdnews.al\/index.php\/wp-json\/wp\/v2\/tags?post=66715"}],"curies":[{"name":"wp","href":"https:\/\/api.w.org\/{rel}","templated":true}]}}