{"id":66724,"date":"2023-12-20T11:06:09","date_gmt":"2023-12-20T11:06:09","guid":{"rendered":"https:\/\/rdnews.al\/?p=66724"},"modified":"2023-12-20T11:06:09","modified_gmt":"2023-12-20T11:06:09","slug":"propozimi-i-bashes-per-te-denuar-me-burg-deputetet-vokshi-koordinim-perfekt-me-ramen","status":"publish","type":"post","link":"https:\/\/rdnews.al\/index.php\/2023\/12\/20\/propozimi-i-bashes-per-te-denuar-me-burg-deputetet-vokshi-koordinim-perfekt-me-ramen\/","title":{"rendered":"Propozimi i Bash\u00ebs p\u00ebr t\u00eb d\u00ebnuar me burg deputet\u00ebt, Vokshi: Koordinim perfekt me Ram\u00ebn"},"content":{"rendered":"<p>\u201cKush shpif n\u00eb parlament duhet t\u00eb d\u00ebnohet me burg\u201d. \u00cbsht\u00eb kjo k\u00ebrkesa q\u00eb Lulzim Basha i ka d\u00ebrguar p\u00ebr miratim Kuvendit t\u00eb Shqip\u00ebris\u00eb n\u00ebp\u00ebrmjet nj\u00eb amendamenti t\u00eb Kodit Penal.<\/p>\n<p>Sipas propozimit t\u00eb Bash\u00ebs, kur kjo vep\u00ebr kryhet nga t\u00eb zgjedhurit gjat\u00eb koh\u00ebs s\u00eb ushtrimit t\u00eb mandatit n\u00eb seancat parlamentare t\u00eb kuvendit, apo n\u00eb \u00e7do form\u00eb tjet\u00ebr, duhet t\u00eb konsiderohet kund\u00ebrvajtje penale dhe t\u00eb d\u00ebnohet me gjob\u00eb ose burgim deri n\u00eb dy vite. Aktualisht p\u00ebr k\u00ebt\u00eb vep\u00ebr Kodi Penal parashikon vet\u00ebm d\u00ebnimin me gjob\u00eb.<\/p>\n<p>Lidhur me nism\u00ebn ka reaguar deputetja demokrate Albana Vokshi, e cila e shprehet se ka nj\u00eb kombinim perfekt mes Bash\u00ebs dhe kryeministrit Edi Rama.<\/p>\n<p>\u201cAt\u00eb q\u00eb nuk e b\u00ebn Rama, e b\u00ebn Basha! Deri n\u00eb 2 vjet burg p\u00ebr deputet\u00ebt q\u00eb \u2018shpifin\u201d\u2019 p\u00ebr Ram\u00ebn, Qeverin\u00eb apo pengjet e tyre\u2026 Kujt i sh\u00ebrben ky propozim i Bash\u00ebs q\u00eb shkel edhe Kushtetut\u00ebn? Opozit\u00ebs JO, asaj tenton t\u2019i mbyll\u00eb goj\u00ebn. I sh\u00ebrben vet\u00ebm Ram\u00ebs! E turpshme\u201d, shkruan Vokshi n\u00eb nj\u00eb postim n\u00eb rrjetet sociale.<\/p>\n<p><img loading=\"lazy\" decoding=\"async\" class=\"alignnone size-medium wp-image-66667\" src=\"https:\/\/rdnews.al\/wp-content\/uploads\/2023\/12\/2-14-300x300.jpg\" alt=\"\" width=\"300\" height=\"300\" srcset=\"https:\/\/rdnews.al\/wp-content\/uploads\/2023\/12\/2-14-300x300.jpg 300w, https:\/\/rdnews.al\/wp-content\/uploads\/2023\/12\/2-14-150x150.jpg 150w, https:\/\/rdnews.al\/wp-content\/uploads\/2023\/12\/2-14-768x765.jpg 768w, https:\/\/rdnews.al\/wp-content\/uploads\/2023\/12\/2-14.jpg 900w\" sizes=\"auto, (max-width: 300px) 100vw, 300px\" \/><\/p>\n<p><img loading=\"lazy\" decoding=\"async\" class=\"alignnone size-medium wp-image-66668\" src=\"https:\/\/rdnews.al\/wp-content\/uploads\/2023\/12\/1-24-296x300.jpg\" alt=\"\" width=\"296\" height=\"300\" srcset=\"https:\/\/rdnews.al\/wp-content\/uploads\/2023\/12\/1-24-296x300.jpg 296w, https:\/\/rdnews.al\/wp-content\/uploads\/2023\/12\/1-24-768x779.jpg 768w, https:\/\/rdnews.al\/wp-content\/uploads\/2023\/12\/1-24.jpg 900w\" sizes=\"auto, (max-width: 296px) 100vw, 296px\" \/><\/p>\n","protected":false},"excerpt":{"rendered":"<p>\u201cKush shpif n\u00eb parlament duhet t\u00eb d\u00ebnohet me burg\u201d. \u00cbsht\u00eb kjo k\u00ebrkesa q\u00eb Lulzim Basha i ka d\u00ebrguar p\u00ebr miratim Kuvendit t\u00eb Shqip\u00ebris\u00eb n\u00ebp\u00ebrmjet nj\u00eb amendamenti t\u00eb Kodit Penal. Sipas propozimit t\u00eb Bash\u00ebs, kur kjo vep\u00ebr kryhet nga t\u00eb zgjedhurit gjat\u00eb koh\u00ebs s\u00eb ushtrimit t\u00eb mandatit n\u00eb seancat parlamentare t\u00eb kuvendit, apo n\u00eb \u00e7do form\u00eb &hellip;<\/p>\n","protected":false},"author":4,"featured_media":62677,"comment_status":"closed","ping_status":"closed","sticky":false,"template":"","format":"standard","meta":{"footnotes":""},"categories":[37],"tags":[],"class_list":["post-66724","post","type-post","status-publish","format-standard","has-post-thumbnail","","category-politike"],"_links":{"self":[{"href":"https:\/\/rdnews.al\/index.php\/wp-json\/wp\/v2\/posts\/66724","targetHints":{"allow":["GET"]}}],"collection":[{"href":"https:\/\/rdnews.al\/index.php\/wp-json\/wp\/v2\/posts"}],"about":[{"href":"https:\/\/rdnews.al\/index.php\/wp-json\/wp\/v2\/types\/post"}],"author":[{"embeddable":true,"href":"https:\/\/rdnews.al\/index.php\/wp-json\/wp\/v2\/users\/4"}],"replies":[{"embeddable":true,"href":"https:\/\/rdnews.al\/index.php\/wp-json\/wp\/v2\/comments?post=66724"}],"version-history":[{"count":0,"href":"https:\/\/rdnews.al\/index.php\/wp-json\/wp\/v2\/posts\/66724\/revisions"}],"wp:featuredmedia":[{"embeddable":true,"href":"https:\/\/rdnews.al\/index.php\/wp-json\/wp\/v2\/media\/62677"}],"wp:attachment":[{"href":"https:\/\/rdnews.al\/index.php\/wp-json\/wp\/v2\/media?parent=66724"}],"wp:term":[{"taxonomy":"category","embeddable":true,"href":"https:\/\/rdnews.al\/index.php\/wp-json\/wp\/v2\/categories?post=66724"},{"taxonomy":"post_tag","embeddable":true,"href":"https:\/\/rdnews.al\/index.php\/wp-json\/wp\/v2\/tags?post=66724"}],"curies":[{"name":"wp","href":"https:\/\/api.w.org\/{rel}","templated":true}]}}