{"id":66781,"date":"2023-12-20T17:42:17","date_gmt":"2023-12-20T17:42:17","guid":{"rendered":"https:\/\/rdnews.al\/?p=66781"},"modified":"2023-12-20T17:42:17","modified_gmt":"2023-12-20T17:42:17","slug":"bylykbashi-gjykata-kushtetuese-nen-thundren-e-qeverise","status":"publish","type":"post","link":"https:\/\/rdnews.al\/index.php\/2023\/12\/20\/bylykbashi-gjykata-kushtetuese-nen-thundren-e-qeverise\/","title":{"rendered":"Bylykbashi: Gjykata Kushtetuese n\u00ebn thundr\u00ebn e qeveris\u00eb!"},"content":{"rendered":"<p>Deputeti i PD, Oerd Byklykbashi,\u00a0i\u00a0fuar n\u00eb Edicionin e Pasdit\u00ebs, n\u00eb Syri Tv, u shpreh se Gjykata Kushtetuese \u00ebsht\u00eb n\u00ebn\u00a0thundr\u00ebn\u00a0e qeveris\u00eb.<\/p>\n<p>\u201cGjykata Kushtetuese ka b\u00ebr\u00eb di\u00e7ka q\u00eb ka shkuar kund\u00ebr gjith\u00eb jurisprudenc\u00ebs s\u00eb saj deri sot dhe asaj q\u00eb \u00ebsht\u00eb norma e Kushtetut\u00ebs.<\/p>\n<p>Ka tashm\u00eb nj\u00eb jurisprudenc\u00eb t\u00eb konsoliduar n\u00eb lidhje me k\u00ebt\u00eb \u00e7\u00ebshtje nga Gjykata Kushtetuese ku e drejta e 28 deputet\u00ebve \u00ebsht\u00eb e drejta e pa kusht\u00ebzuar.<\/p>\n<p>Pra, qartazi jemi p\u00ebrpara nj\u00eb situate ku gjykata e ka ndjer\u00eb veten n\u00ebn thundr\u00ebn e qeveris\u00eb.<\/p>\n<p>Sigurisht q\u00eb kjo pritej, p\u00ebrtej atyre pretendimeve q\u00eb jan\u00eb b\u00ebr\u00eb publike dhe n\u00eb Parlament, n\u00eb momentin e miratimeve n\u00eb ligj ku i\u00a0rritej paga n\u00eb m\u00ebnyr\u00eb krejt t\u00eb shp\u00ebrpocionuar, vet\u00ebm gjyqtar\u00ebve t\u00eb Gjykat\u00ebs Kushtetuese&#8230;\u00a0q\u00eb n\u00eb at\u00eb koh\u00eb u akuzua q\u00eb e gjitha ishte nj\u00eb operacion q\u00eb synonte mbylljen e goj\u00ebs s\u00eb Gjykat\u00ebs Kushtetuese dhe kjo po ndodh.<\/p>\n<p>Po ndodh p\u00ebr nj\u00eb \u00e7\u00ebshtje t\u00eb r\u00ebnd\u00ebsishme.<\/p>\n<p>Pra duhej q\u00eb Gjykata\u00a0 t\u00eb vepronte, si\u00e7 ka ndodhur m\u00eb her\u00ebt, dhe si\u00e7 \u00ebsht\u00eb vendosur praktika me deputet t\u00eb mazhoranc\u00ebs socialiste\u201d, tha Bylykbashi.<\/p>\n","protected":false},"excerpt":{"rendered":"<p>Deputeti i PD, Oerd Byklykbashi,\u00a0i\u00a0fuar n\u00eb Edicionin e Pasdit\u00ebs, n\u00eb Syri Tv, u shpreh se Gjykata Kushtetuese \u00ebsht\u00eb n\u00ebn\u00a0thundr\u00ebn\u00a0e qeveris\u00eb. \u201cGjykata Kushtetuese ka b\u00ebr\u00eb di\u00e7ka q\u00eb ka shkuar kund\u00ebr gjith\u00eb jurisprudenc\u00ebs s\u00eb saj deri sot dhe asaj q\u00eb \u00ebsht\u00eb norma e Kushtetut\u00ebs. Ka tashm\u00eb nj\u00eb jurisprudenc\u00eb t\u00eb konsoliduar n\u00eb lidhje me k\u00ebt\u00eb \u00e7\u00ebshtje nga Gjykata &hellip;<\/p>\n","protected":false},"author":4,"featured_media":2661,"comment_status":"closed","ping_status":"closed","sticky":false,"template":"","format":"standard","meta":{"footnotes":""},"categories":[37],"tags":[],"class_list":["post-66781","post","type-post","status-publish","format-standard","has-post-thumbnail","","category-politike"],"_links":{"self":[{"href":"https:\/\/rdnews.al\/index.php\/wp-json\/wp\/v2\/posts\/66781","targetHints":{"allow":["GET"]}}],"collection":[{"href":"https:\/\/rdnews.al\/index.php\/wp-json\/wp\/v2\/posts"}],"about":[{"href":"https:\/\/rdnews.al\/index.php\/wp-json\/wp\/v2\/types\/post"}],"author":[{"embeddable":true,"href":"https:\/\/rdnews.al\/index.php\/wp-json\/wp\/v2\/users\/4"}],"replies":[{"embeddable":true,"href":"https:\/\/rdnews.al\/index.php\/wp-json\/wp\/v2\/comments?post=66781"}],"version-history":[{"count":0,"href":"https:\/\/rdnews.al\/index.php\/wp-json\/wp\/v2\/posts\/66781\/revisions"}],"wp:featuredmedia":[{"embeddable":true,"href":"https:\/\/rdnews.al\/index.php\/wp-json\/wp\/v2\/media\/2661"}],"wp:attachment":[{"href":"https:\/\/rdnews.al\/index.php\/wp-json\/wp\/v2\/media?parent=66781"}],"wp:term":[{"taxonomy":"category","embeddable":true,"href":"https:\/\/rdnews.al\/index.php\/wp-json\/wp\/v2\/categories?post=66781"},{"taxonomy":"post_tag","embeddable":true,"href":"https:\/\/rdnews.al\/index.php\/wp-json\/wp\/v2\/tags?post=66781"}],"curies":[{"name":"wp","href":"https:\/\/api.w.org\/{rel}","templated":true}]}}