{"id":66786,"date":"2023-12-20T18:10:13","date_gmt":"2023-12-20T18:10:13","guid":{"rendered":"https:\/\/rdnews.al\/?p=66786"},"modified":"2023-12-20T18:10:13","modified_gmt":"2023-12-20T18:10:13","slug":"gjokutaj-gjykata-kushtetuese-sot-ka-bere-nje-gafe-juridike-nje-vetevrasje","status":"publish","type":"post","link":"https:\/\/rdnews.al\/index.php\/2023\/12\/20\/gjokutaj-gjykata-kushtetuese-sot-ka-bere-nje-gafe-juridike-nje-vetevrasje\/","title":{"rendered":"Gjokutaj: Gjykata Kushtetuese sot ka b\u00ebr\u00eb nj\u00eb gaf\u00eb juridike, nj\u00eb vet\u00ebvrasje!"},"content":{"rendered":"<p>Avokati Genc Gjokutaj,\u00a0i\u00a0ftuar n\u00eb Task Force n\u00eb Syri Tv, u shpreh se Gjyakata Kushtetuese sot ka b\u00ebr\u00eb nj\u00eb gaf\u00eb juridike, nj\u00eb vet\u00ebvrsje teksa e quan unikale n\u00eb histori q\u00eb Gjykata Kushtetuese jep nj\u00eb vendim\u00a0anti-kushtetues.<\/p>\n<p>Ne e ngrit\u00ebm me forc\u00eb q\u00eb Kuvendi ta shtynte seanc\u00ebn ose ta pezullonte deri sa gjykata kushtetuese t\u00eb shprehet n\u00eb lidhje me k\u00ebt\u00eb argument, por sigurisht q\u00eb ne n\u00eb at\u00eb moment nuk mund t\u00eb hipotezonim q\u00eb Gjykata Kushtetuese sot, biles \u00ebsht\u00eb b\u00ebr\u00eb edhe nj\u00eb k\u00ebrkes\u00eb nga deputetet\u00eb p\u00ebr p\u00ebrshpejtim t\u00eb gjykimit t\u00eb \u00e7\u00ebshtjes pasi me ezaurimin nga Parlamenti, ezaurohej k\u00ebrkesa e pagjykuar, k\u00ebshtu q\u00eb ata e rr\u00ebzuan si\u00e7 jeni n\u00eb dijeni.<\/p>\n<p>Por\u00a0sigurisht neve ishim t\u00eb bindur n\u00eb k\u00ebrkimin ton\u00eb dhe jo vet\u00ebm p\u00ebr legjitimimin q\u00eb Gjykata kushtetuese sot ka b\u00ebr\u00eb nj\u00eb gaf\u00eb juridike, \u00ebsht\u00eb nj\u00eb v\u00ebt\u00ebvrasje q\u00eb ka b\u00ebr\u00eb Gjykata Kushtetuese, pra, \u00ebsht\u00eb unikale n\u00eb histori q\u00eb Gjykata Kushtetuese jep nj\u00eb vendim\u00a0anti-kushtetues.<\/p>\n<p>Pjesa e fundit e materialit t\u00eb Gjykat\u00ebs Kushtetuese thot\u00eb &#8220;P\u00ebr rrjedhoj\u00eb, k\u00ebrkuesi i\u00a0grupit t\u00eb d\u00ebputet\u00ebve nuk legjitimohet ti drejtohet Gjykat\u00ebs pasi referuar mosmarr\u00ebveshjes s\u00eb pretenduar t\u00eb kopetencave, ai nuk \u00ebsht\u00eb subjeKt n\u00eb komflit, pra nuk rezulton q\u00eb t\u00eb jet\u00eb marr\u00eb ndonj\u00eb kopetenc\u00eb apo t\u00eb jet\u00eb c\u00ebnuar drejtp\u00ebrdrejt n\u00eb kopetenc\u00eb.<\/p>\n","protected":false},"excerpt":{"rendered":"<p>Avokati Genc Gjokutaj,\u00a0i\u00a0ftuar n\u00eb Task Force n\u00eb Syri Tv, u shpreh se Gjyakata Kushtetuese sot ka b\u00ebr\u00eb nj\u00eb gaf\u00eb juridike, nj\u00eb vet\u00ebvrsje teksa e quan unikale n\u00eb histori q\u00eb Gjykata Kushtetuese jep nj\u00eb vendim\u00a0anti-kushtetues. Ne e ngrit\u00ebm me forc\u00eb q\u00eb Kuvendi ta shtynte seanc\u00ebn ose ta pezullonte deri sa gjykata kushtetuese t\u00eb shprehet n\u00eb lidhje &hellip;<\/p>\n","protected":false},"author":4,"featured_media":34052,"comment_status":"closed","ping_status":"closed","sticky":false,"template":"","format":"standard","meta":{"footnotes":""},"categories":[37],"tags":[],"class_list":["post-66786","post","type-post","status-publish","format-standard","has-post-thumbnail","","category-politike"],"_links":{"self":[{"href":"https:\/\/rdnews.al\/index.php\/wp-json\/wp\/v2\/posts\/66786","targetHints":{"allow":["GET"]}}],"collection":[{"href":"https:\/\/rdnews.al\/index.php\/wp-json\/wp\/v2\/posts"}],"about":[{"href":"https:\/\/rdnews.al\/index.php\/wp-json\/wp\/v2\/types\/post"}],"author":[{"embeddable":true,"href":"https:\/\/rdnews.al\/index.php\/wp-json\/wp\/v2\/users\/4"}],"replies":[{"embeddable":true,"href":"https:\/\/rdnews.al\/index.php\/wp-json\/wp\/v2\/comments?post=66786"}],"version-history":[{"count":0,"href":"https:\/\/rdnews.al\/index.php\/wp-json\/wp\/v2\/posts\/66786\/revisions"}],"wp:featuredmedia":[{"embeddable":true,"href":"https:\/\/rdnews.al\/index.php\/wp-json\/wp\/v2\/media\/34052"}],"wp:attachment":[{"href":"https:\/\/rdnews.al\/index.php\/wp-json\/wp\/v2\/media?parent=66786"}],"wp:term":[{"taxonomy":"category","embeddable":true,"href":"https:\/\/rdnews.al\/index.php\/wp-json\/wp\/v2\/categories?post=66786"},{"taxonomy":"post_tag","embeddable":true,"href":"https:\/\/rdnews.al\/index.php\/wp-json\/wp\/v2\/tags?post=66786"}],"curies":[{"name":"wp","href":"https:\/\/api.w.org\/{rel}","templated":true}]}}