{"id":66804,"date":"2023-12-20T18:25:28","date_gmt":"2023-12-20T18:25:28","guid":{"rendered":"https:\/\/rdnews.al\/?p=66804"},"modified":"2023-12-20T18:47:27","modified_gmt":"2023-12-20T18:47:27","slug":"malltezi-publikon-dokumentat-rama-firmosi-per-ndryshimin-e-destinacionit-te-klubit-partizani","status":"publish","type":"post","link":"https:\/\/rdnews.al\/index.php\/2023\/12\/20\/malltezi-publikon-dokumentat-rama-firmosi-per-ndryshimin-e-destinacionit-te-klubit-partizani\/","title":{"rendered":"Malltezi publikon dokumentat: Rama firmosi p\u00ebr ndryshimin e destinacionit t\u00eb klubit \u201cPartizani\u201d"},"content":{"rendered":"<p><strong>Nga Jamarb\u00ebr MALLTEZI<\/strong><\/p>\n<p>Sssskape! FSHEH:<\/p>\n<ol>\n<li>Fletoret Zyrtare, q\u00eb v\u00ebrtetojn\u00eb se nuk ka patur shpron\u00ebsim t\u00eb familjeve pronare, p\u00ebrfshi familjen Begeja, por rekuizim t\u00eb p\u00ebrkohsh\u00ebm gjat\u00eb okupacionit, \u00e7ka konfirmon pron\u00ebsin\u00eb e tok\u00ebs s\u00eb familjeve pronare;<\/li>\n<li>Shkresat nga ministrat socialist\u00eb Z. Angjeli (Minist\u00ebr i Ekonomis\u00eb) dhe z. Klosi (Minist\u00ebr i Kultur\u00ebs Rinis\u00eb dhe Sporteve) t\u00eb vitit 2005, q\u00eb v\u00ebrtetojn\u00eb inicimin e procedur\u00ebs s\u00eb privatizimit nd\u00ebrkoh\u00eb q\u00eb z. Berisha nuk kishte ardhur n\u00eb pushtet;<\/li>\n<li>Vendimin nr. 132 dat\u00eb 08.06.2006, firmosur nga z. Edi Rama n\u00eb cil\u00ebsin\u00eb e Kryetarit t\u00eb KRRT, p\u00ebr ndryshimin e destinacionit e 10 zonave nga sportive n\u00eb zona banimi;<\/li>\n<li>Vendim i KRRT nr. 238 dat\u00eb 27.12.2008 me objekt \u201cZonimi Funksional p\u00ebr Planin Rregullues t\u00eb Qytetit t\u00eb Tiran\u00ebs\u201d hartuar nga Urbaplan, i cili e p\u00ebrcakton zon\u00ebn e t\u00eb dy klubeve Partizani si zon\u00eb banimi me parametra t\u00eb lart\u00eb urban\u00eb U12 (ende pa mbaruar procesi i privatizimit p\u00ebr Klubin e Futbollit Partizani) si dhe hartat shoq\u00ebruese;<\/li>\n<li>Kontrat\u00ebn e familjes Begeja me shoq\u00ebrin\u00eb nd\u00ebrtuese dat\u00eb 22.10.2007, nr. 8346 rep., 1265 kol., ku parashikohej se cilido nga familja Begeja, mundet t\u00eb hynte si bashk\u00ebinvestitor n\u00eb projektin e zhvillimit t\u00eb pron\u00ebs, deri n\u00eb 25% t\u00eb pjes\u00ebs s\u00eb vet takuese;<\/li>\n<li>Lejen e sheshit t\u00eb nd\u00ebrtimit firmosur nga z. Edi Rama (Vendim i KRRT nr. 136 dat\u00eb 29.12.2007), si dhe lejen e nd\u00ebrtimit me kusht q\u00eb ka miratuar KRRT, kryesuar nga z. Edi Rama, n\u00eb Shkurt 2008;<\/li>\n<li>FSHEH vendimin e Gjykat\u00ebs s\u00eb Rrethit Gjyq\u00ebsor Tiran\u00eb nr. 2433 dat\u00eb 26.03.2010 l\u00ebn\u00eb n\u00eb fuqi l\u00ebn\u00eb n\u00eb fuqi nga Gjykata e Apelit Tiran\u00eb dhe konfirmuar nga Gjykata e Lart\u00eb);<\/li>\n<li>FSHEH 3 shkresa t\u00eb kundraligjshme, t\u00eb Kryeinspektorit t\u00eb Inspektoratit Nd\u00ebrtimor Urbanistik t\u00eb Bashkis\u00eb Tiran\u00eb, kryesuar nga z. Edi Rama. Vendim p\u00ebr d\u00ebnim me gjob\u00eb nr. 428 dat\u00eb 29.10.2010; Vendim p\u00ebr pezullim t\u00eb punimeve nr. 127 dat\u00eb 29.10.2010; Vendim p\u00ebr prishjen e objektit nr. 5029 dat\u00eb 28.02.2011; K\u00ebto shkresa v\u00ebrtetojn\u00eb veprimet e paligjshme t\u00eb Bashkis\u00eb Tiran\u00eb, n\u00eb kund\u00ebrshtim me vendimet e sip\u00ebrcituar gjyq\u00ebsore t\u00eb form\u00ebs s\u00eb prer\u00eb.<\/li>\n<li>Fsheh Vendimin e Gjykat\u00ebs s\u00eb Rrethit Gjyq\u00ebsor Tiran\u00eb me nr. 4689 dat\u00eb 08.06.2015 l\u00ebn\u00eb n\u00eb fuqi nga Gjykata e Apelit, me objekt \u201cDetyrimi i pal\u00ebs s\u00eb paditur t\u00eb liroj\u00eb dhe dor\u00ebzoj\u00eb t\u00eb lir\u00eb pasurin\u00eb nr. 12\/139 ZK 8310 regj. Hipotekor 20 dat\u00eb 31.01.2009 t\u00eb poseduar n\u00eb m\u00ebnyr\u00eb t\u00eb paligjshme dhe pa asnj\u00eb titull pron\u00ebsie nga t\u00eb paditurit, shp\u00ebrblimi i d\u00ebmit t\u00eb shkaktuar nga p\u00ebrdorimi i sendit p\u00ebr periudh\u00ebn kohore 30.01.2009 deri n\u00eb p\u00ebrfundimin e gjykimit t\u00eb padis\u00eb; Konstatimin absolutisht t\u00eb pavlefshme t\u00eb kontrat\u00ebs s\u00eb shitjes nr. 5125 rep., nr. 1426 kol. Dat\u00eb 06.05.1992; Konstatimi absolutisht i pavlefsh\u00ebm i kontrat\u00ebs s\u00eb shitblerjes nr. 7938 rep. Nr. 0766 kol. Dat\u00eb 27.11.1997 dhe kthimin e pal\u00ebve n\u00eb gj\u00ebndjen e m\u00ebparshme; Konstatimin absolutisht t\u00eb pavlefshme t\u00eb kontrat\u00ebs s\u00eb shitblerjes nr. 967 rep. 100 kol. Dat\u00eb 07.02.1998 dhe kthimin e pal\u00ebve n\u00eb gj\u00ebndjen e m\u00ebparshme;\u201d N\u00ebp\u00ebrmjet k\u00ebtij vendimi v\u00ebrtetohet falsifikimi i titullit t\u00eb pron\u00ebs nga uzurpuesit te ish pishina, pjes\u00eb p\u00ebrb\u00ebr\u00ebse e kompleksit Klubi Shum\u00ebsport\u00ebsh Partizani;<\/li>\n<li>FSHEH Vendimin e Gjykat\u00ebs s\u00eb Rrethit Gjyq\u00ebsor Tiran\u00eb nr. 2653 dat\u00eb. 06.04.2011, l\u00ebn\u00eb n\u00eb fuqi nga Gjykata e Apelit Tiran\u00eb, q\u00eb kan\u00eb detyruar Bashkin\u00eb Tiran\u00eb t\u00eb kryesuar nga z. Edi Rama t\u00eb d\u00ebmshp\u00ebrblej\u00eb shoq\u00ebrin\u00eb nd\u00ebrtuese, me nj\u00eb d\u00ebm financiar p\u00ebr shtetin mbi 300.000 Euro, p\u00ebr veprimet e kundraligjshme t\u00eb nd\u00ebrrmarra n\u00eb kund\u00ebrshtim me vendimin e gjykat\u00ebs s\u00eb form\u00ebs s\u00eb prer\u00eb (shp\u00ebrdorim detyte me d\u00ebm nga Edi Rama)<\/li>\n<li>Kan\u00eb fshehur kontratat e blerjes s\u00eb tok\u00ebs nga z. Jamarb\u00ebr Malltezi te bashk\u00ebpronar\u00eb t\u00eb t\u00eb tjer\u00eb t\u00eb familjes Begeja por edhe t\u00eb familjeve t\u00eb tjera Saliaga, Llagami dhe Alimehmeti, ndon\u00ebse t\u00eb gjitha k\u00ebto kontrata jan\u00eb sekuestruar nga zyrat noteriale p\u00ebrkat\u00ebse, me q\u00ebllim p\u00ebr ti q\u00ebndruar strikt shorehjes s\u00eb pretenduar n\u00eb kall\u00ebzimin e Taulant Ball\u00ebs se z. Malltezi pati ve\u00e7 113 m2 tok\u00eb dhe p\u00ebrfitoi, pretendime t\u00eb pabazuara dhe t\u00eb kontestuara me prova t\u00eb plota q\u00eb v\u00ebrtetojn\u00eb t\u00eb kund\u00ebrt\u00ebn;<\/li>\n<\/ol>\n<p>Mender jush, doli edi rama me vendim gjykata si i korruptuar por spak mbyll syt\u00eb. Kaq besueshm\u00ebri ka.<\/p>\n<p>SPAK nuk argumenton dot asnj\u00eb fakt se kush ka dh\u00ebn\u00eb p\u00ebrfitim t\u00eb parregullt, q\u00eb formalisht t\u00eb ngrihet nj\u00eb dyshim. Asnj\u00eb fjal\u00eb t\u00eb vetme nuk thot\u00eb SPAK se nga vjen p\u00ebrfitimi i parregullt, as n\u00eb k\u00ebt\u00eb k\u00ebrkes\u00eb n\u00eb Kuvend dhe as n\u00eb Gjykat\u00eb.<\/p>\n<p><img loading=\"lazy\" decoding=\"async\" class=\"alignnone size-medium wp-image-66806\" src=\"https:\/\/rdnews.al\/wp-content\/uploads\/2023\/12\/1-25-261x300.jpg\" alt=\"\" width=\"261\" height=\"300\" srcset=\"https:\/\/rdnews.al\/wp-content\/uploads\/2023\/12\/1-25-261x300.jpg 261w, https:\/\/rdnews.al\/wp-content\/uploads\/2023\/12\/1-25-891x1024.jpg 891w, https:\/\/rdnews.al\/wp-content\/uploads\/2023\/12\/1-25-768x882.jpg 768w, https:\/\/rdnews.al\/wp-content\/uploads\/2023\/12\/1-25.jpg 1290w\" sizes=\"auto, (max-width: 261px) 100vw, 261px\" \/><\/p>\n<p><img loading=\"lazy\" decoding=\"async\" class=\"alignnone size-medium wp-image-66807\" src=\"https:\/\/rdnews.al\/wp-content\/uploads\/2023\/12\/2-15-245x300.jpg\" alt=\"\" width=\"245\" height=\"300\" srcset=\"https:\/\/rdnews.al\/wp-content\/uploads\/2023\/12\/2-15-245x300.jpg 245w, https:\/\/rdnews.al\/wp-content\/uploads\/2023\/12\/2-15-837x1024.jpg 837w, https:\/\/rdnews.al\/wp-content\/uploads\/2023\/12\/2-15-768x940.jpg 768w, https:\/\/rdnews.al\/wp-content\/uploads\/2023\/12\/2-15.jpg 1251w\" sizes=\"auto, (max-width: 245px) 100vw, 245px\" \/><\/p>\n<p><img loading=\"lazy\" decoding=\"async\" class=\"alignnone size-medium wp-image-66808\" src=\"https:\/\/rdnews.al\/wp-content\/uploads\/2023\/12\/3-7-300x245.jpg\" alt=\"\" width=\"300\" height=\"245\" srcset=\"https:\/\/rdnews.al\/wp-content\/uploads\/2023\/12\/3-7-300x245.jpg 300w, https:\/\/rdnews.al\/wp-content\/uploads\/2023\/12\/3-7-1024x836.jpg 1024w, https:\/\/rdnews.al\/wp-content\/uploads\/2023\/12\/3-7-768x627.jpg 768w, https:\/\/rdnews.al\/wp-content\/uploads\/2023\/12\/3-7.jpg 1114w\" sizes=\"auto, (max-width: 300px) 100vw, 300px\" \/><\/p>\n","protected":false},"excerpt":{"rendered":"<p>Nga Jamarb\u00ebr MALLTEZI Sssskape! FSHEH: Fletoret Zyrtare, q\u00eb v\u00ebrtetojn\u00eb se nuk ka patur shpron\u00ebsim t\u00eb familjeve pronare, p\u00ebrfshi familjen Begeja, por rekuizim t\u00eb p\u00ebrkohsh\u00ebm gjat\u00eb okupacionit, \u00e7ka konfirmon pron\u00ebsin\u00eb e tok\u00ebs s\u00eb familjeve pronare; Shkresat nga ministrat socialist\u00eb Z. Angjeli (Minist\u00ebr i Ekonomis\u00eb) dhe z. Klosi (Minist\u00ebr i Kultur\u00ebs Rinis\u00eb dhe Sporteve) t\u00eb vitit 2005, &hellip;<\/p>\n","protected":false},"author":4,"featured_media":64153,"comment_status":"closed","ping_status":"closed","sticky":false,"template":"","format":"standard","meta":{"footnotes":""},"categories":[37],"tags":[],"class_list":["post-66804","post","type-post","status-publish","format-standard","has-post-thumbnail","","category-politike"],"_links":{"self":[{"href":"https:\/\/rdnews.al\/index.php\/wp-json\/wp\/v2\/posts\/66804","targetHints":{"allow":["GET"]}}],"collection":[{"href":"https:\/\/rdnews.al\/index.php\/wp-json\/wp\/v2\/posts"}],"about":[{"href":"https:\/\/rdnews.al\/index.php\/wp-json\/wp\/v2\/types\/post"}],"author":[{"embeddable":true,"href":"https:\/\/rdnews.al\/index.php\/wp-json\/wp\/v2\/users\/4"}],"replies":[{"embeddable":true,"href":"https:\/\/rdnews.al\/index.php\/wp-json\/wp\/v2\/comments?post=66804"}],"version-history":[{"count":0,"href":"https:\/\/rdnews.al\/index.php\/wp-json\/wp\/v2\/posts\/66804\/revisions"}],"wp:featuredmedia":[{"embeddable":true,"href":"https:\/\/rdnews.al\/index.php\/wp-json\/wp\/v2\/media\/64153"}],"wp:attachment":[{"href":"https:\/\/rdnews.al\/index.php\/wp-json\/wp\/v2\/media?parent=66804"}],"wp:term":[{"taxonomy":"category","embeddable":true,"href":"https:\/\/rdnews.al\/index.php\/wp-json\/wp\/v2\/categories?post=66804"},{"taxonomy":"post_tag","embeddable":true,"href":"https:\/\/rdnews.al\/index.php\/wp-json\/wp\/v2\/tags?post=66804"}],"curies":[{"name":"wp","href":"https:\/\/api.w.org\/{rel}","templated":true}]}}