{"id":66840,"date":"2023-12-20T20:27:38","date_gmt":"2023-12-20T20:27:38","guid":{"rendered":"https:\/\/rdnews.al\/?p=66840"},"modified":"2023-12-20T20:27:38","modified_gmt":"2023-12-20T20:27:38","slug":"serbia-ne-prag-te-luftes-civile-pas-manipulimit-te-zgjedhjeve-deklarata","status":"publish","type":"post","link":"https:\/\/rdnews.al\/index.php\/2023\/12\/20\/serbia-ne-prag-te-luftes-civile-pas-manipulimit-te-zgjedhjeve-deklarata\/","title":{"rendered":"Serbia n\u00eb prag t\u00eb luft\u00ebs civile pas manipulimit t\u00eb zgjedhjeve, deklarata&#8230;"},"content":{"rendered":"<p>Aleksandar Shapic, kandidati i partis\u00eb s\u00eb presidentit serb Aleksand\u00ebr Vu\u00e7i\u00e7 p\u00ebr bashkin\u00eb e Beogradit deklaroi se Serbia \u00ebsht\u00eb n\u00eb prag t\u00eb luft\u00ebs civile.<\/p>\n<p>Pohimi trondit\u00ebs i tij erdhi pas njoftimeve t\u00eb opozit\u00ebs pro-europiane serbe se do t\u00eb bllokojn\u00eb pun\u00ebn e institucioneve n\u00eb dit\u00ebt n\u00eb vijim.<\/p>\n<p>\u201cAjo \u00e7far\u00eb po b\u00ebjn\u00eb ata \u00ebsht\u00eb prelud i nj\u00eb lufte civile. P\u00ebr k\u00ebt\u00eb arsye, i k\u00ebrkoj t\u00eb mos e b\u00ebjn\u00eb, sepse neve lufta civile na shkat\u00ebrroi. Nuk ka ende pajtim. Kjo nuk duhet t\u00eb ndodh\u00eb m\u00eb. \u00cbsht\u00eb nxitje p\u00ebr konflikt civil dhe ne nuk duhet ta lejojm\u00eb\u201d, u shpreh ai.<\/p>\n<p>Koalicioni opozitar \u201cSerbia kund\u00ebr dhun\u00ebs\u201d (SPN) nuk i njeh rezultatet e zgjedhjeve t\u00eb s\u00eb diel\u00ebs. Ai pretendon se m\u00eb shum\u00eb se 40.000 persona pa vendbanim t\u00eb ligjsh\u00ebm n\u00eb Beograd u soll\u00ebn p\u00ebr t\u00eb mb\u00ebshtetur list\u00ebn e Partis\u00eb P\u00ebrparitare Serbe (SNS).<\/p>\n<p>\u201cJan\u00eb sjell\u00eb njer\u00ebz edhe nga Republika Srpska, Mali i Zi dhe Kosova\u201d, thon\u00eb drejtues t\u00eb tij. Kjo \u00e7oi n\u00eb ndryshimin e vullnetit elektoral t\u00eb votuesve, prandaj koalicioni k\u00ebrkon anulimin e zgjedhjeve n\u00eb Beograd, p\u00ebrs\u00ebritjen e votimit dhe pastrimin e listave zgjedhore.<\/p>\n<p>Komisioni Republikan i Zgjedhjeve i hodhi posht\u00eb t\u00eb gjitha kund\u00ebrshtimet e opozit\u00ebs p\u00ebr zgjedhjet parlamentare. Beogradi ka rreth 1.4 milion\u00eb votues me t\u00eb drejt\u00eb vote, q\u00eb \u00ebsht\u00eb af\u00ebrsisht sa nj\u00eb e kat\u00ebrta e totalit t\u00eb elektoratit n\u00eb Serbi.<\/p>\n","protected":false},"excerpt":{"rendered":"<p>Aleksandar Shapic, kandidati i partis\u00eb s\u00eb presidentit serb Aleksand\u00ebr Vu\u00e7i\u00e7 p\u00ebr bashkin\u00eb e Beogradit deklaroi se Serbia \u00ebsht\u00eb n\u00eb prag t\u00eb luft\u00ebs civile. Pohimi trondit\u00ebs i tij erdhi pas njoftimeve t\u00eb opozit\u00ebs pro-europiane serbe se do t\u00eb bllokojn\u00eb pun\u00ebn e institucioneve n\u00eb dit\u00ebt n\u00eb vijim. \u201cAjo \u00e7far\u00eb po b\u00ebjn\u00eb ata \u00ebsht\u00eb prelud i nj\u00eb lufte &hellip;<\/p>\n","protected":false},"author":4,"featured_media":66604,"comment_status":"closed","ping_status":"closed","sticky":false,"template":"","format":"standard","meta":{"footnotes":""},"categories":[38],"tags":[],"class_list":["post-66840","post","type-post","status-publish","format-standard","has-post-thumbnail","","category-bota"],"_links":{"self":[{"href":"https:\/\/rdnews.al\/index.php\/wp-json\/wp\/v2\/posts\/66840","targetHints":{"allow":["GET"]}}],"collection":[{"href":"https:\/\/rdnews.al\/index.php\/wp-json\/wp\/v2\/posts"}],"about":[{"href":"https:\/\/rdnews.al\/index.php\/wp-json\/wp\/v2\/types\/post"}],"author":[{"embeddable":true,"href":"https:\/\/rdnews.al\/index.php\/wp-json\/wp\/v2\/users\/4"}],"replies":[{"embeddable":true,"href":"https:\/\/rdnews.al\/index.php\/wp-json\/wp\/v2\/comments?post=66840"}],"version-history":[{"count":0,"href":"https:\/\/rdnews.al\/index.php\/wp-json\/wp\/v2\/posts\/66840\/revisions"}],"wp:featuredmedia":[{"embeddable":true,"href":"https:\/\/rdnews.al\/index.php\/wp-json\/wp\/v2\/media\/66604"}],"wp:attachment":[{"href":"https:\/\/rdnews.al\/index.php\/wp-json\/wp\/v2\/media?parent=66840"}],"wp:term":[{"taxonomy":"category","embeddable":true,"href":"https:\/\/rdnews.al\/index.php\/wp-json\/wp\/v2\/categories?post=66840"},{"taxonomy":"post_tag","embeddable":true,"href":"https:\/\/rdnews.al\/index.php\/wp-json\/wp\/v2\/tags?post=66840"}],"curies":[{"name":"wp","href":"https:\/\/api.w.org\/{rel}","templated":true}]}}