{"id":66848,"date":"2023-12-20T21:17:55","date_gmt":"2023-12-20T21:17:55","guid":{"rendered":"https:\/\/rdnews.al\/?p=66848"},"modified":"2023-12-20T21:17:55","modified_gmt":"2023-12-20T21:17:55","slug":"lubonja-regjimi-po-shkallmon-kundershtarin-per-te-zgjatur-qendrimin-ne-pushtet-por","status":"publish","type":"post","link":"https:\/\/rdnews.al\/index.php\/2023\/12\/20\/lubonja-regjimi-po-shkallmon-kundershtarin-per-te-zgjatur-qendrimin-ne-pushtet-por\/","title":{"rendered":"Lubonja: Regjimi po shkallmon kund\u00ebrshtarin p\u00ebr t\u00eb zgjatur q\u00ebndrimin n\u00eb pushtet, por&#8230;"},"content":{"rendered":"<p>Analisti Fatos Lubonja p\u00ebrmes nj\u00eb komunikimi t\u00eb drejtp\u00ebrdrejt\u00eb n\u00eb emisionin \u201cOpen\u201d u shpreh se qeveria, t\u00eb cil\u00ebn e quajti si \u201cregjimi\u201d, ka nj\u00eb dob\u00ebsi q\u00eb sjell edhe kompensimin p\u00ebrmes forc\u00ebs.<\/p>\n<p>Teksa po komentonte mas\u00ebn p\u00ebr arrestimin e Berish\u00ebs, ai u shpreh se sa m\u00eb shum\u00eb \u00a0forc\u00eb tregon nj\u00eb pushtet aq m\u00eb i dob\u00ebt \u00ebsht\u00eb, gj\u00eb q\u00eb sipas tij sjell edhe \u201cshkallmimin e kund\u00ebrshtarit\u201d p\u00ebr t\u00eb zgjatur q\u00ebndrimin n\u00eb pushtet. Sipas tij \u201cregjimi po shkon drejt situat\u00ebs ku do i bjer\u00eb tuneli\u201d, duke n\u00ebnkuptuar se krimi i organizuar q\u00eb mb\u00ebshtet pushtetin do krijoj\u00eb nj\u00eb situat\u00eb t\u00eb keqe n\u00eb vend.<\/p>\n<p>\u201cSa m\u00eb shum\u00eb forc\u00eb tregon nj\u00eb pushtet aq m\u00eb i dob\u00ebt \u00ebsht\u00eb. Ka nj\u00eb dob\u00ebsi q\u00eb merr k\u00ebto masa. Ka nj\u00eb dob\u00ebsi pushteti, por nga ana tjet\u00ebr po t\u00eb shoh\u00ebsh regjimet, edhe pse jan\u00eb t\u00eb dob\u00ebt, kompensimet i b\u00ebjn\u00eb p\u00ebrmes forc\u00ebs. Ka nj\u00eb proporcionalitet sa m\u00eb shum\u00eb dob\u00ebsohet regjimi, aq m\u00eb shum\u00eb shkallmon kund\u00ebrshtarin q\u00eb t\u00eb rrij\u00eb sa m\u00eb gjat\u00eb n\u00eb pushtet. Dyshoj se shqiptar\u00ebt do e p\u00ebrmbysin k\u00ebt\u00eb situat\u00eb.<\/p>\n<p>Ky regjim po shkon drejt situat\u00ebs ku do i bjer\u00eb tuneli. Piramidat sot jan\u00eb krimi i organizuar q\u00eb po e mban k\u00ebt\u00eb pushtet me para. Burimi i tyre \u00ebsht\u00eb krimi i organizuar, por do vij\u00eb nj\u00eb moment q\u00eb ky krimi dhe k\u00ebto para q\u00eb do l\u00ebn\u00eb pallate bosh, do t\u00eb krijoj\u00eb nj\u00eb situat\u00eb t\u00eb keqe si r\u00ebnia e piramidave\u201d,\u00a0u shpreh Lubonja.<\/p>\n","protected":false},"excerpt":{"rendered":"<p>Analisti Fatos Lubonja p\u00ebrmes nj\u00eb komunikimi t\u00eb drejtp\u00ebrdrejt\u00eb n\u00eb emisionin \u201cOpen\u201d u shpreh se qeveria, t\u00eb cil\u00ebn e quajti si \u201cregjimi\u201d, ka nj\u00eb dob\u00ebsi q\u00eb sjell edhe kompensimin p\u00ebrmes forc\u00ebs. Teksa po komentonte mas\u00ebn p\u00ebr arrestimin e Berish\u00ebs, ai u shpreh se sa m\u00eb shum\u00eb \u00a0forc\u00eb tregon nj\u00eb pushtet aq m\u00eb i dob\u00ebt \u00ebsht\u00eb, gj\u00eb &hellip;<\/p>\n","protected":false},"author":4,"featured_media":66849,"comment_status":"closed","ping_status":"closed","sticky":false,"template":"","format":"standard","meta":{"footnotes":""},"categories":[37],"tags":[],"class_list":["post-66848","post","type-post","status-publish","format-standard","has-post-thumbnail","","category-politike"],"_links":{"self":[{"href":"https:\/\/rdnews.al\/index.php\/wp-json\/wp\/v2\/posts\/66848","targetHints":{"allow":["GET"]}}],"collection":[{"href":"https:\/\/rdnews.al\/index.php\/wp-json\/wp\/v2\/posts"}],"about":[{"href":"https:\/\/rdnews.al\/index.php\/wp-json\/wp\/v2\/types\/post"}],"author":[{"embeddable":true,"href":"https:\/\/rdnews.al\/index.php\/wp-json\/wp\/v2\/users\/4"}],"replies":[{"embeddable":true,"href":"https:\/\/rdnews.al\/index.php\/wp-json\/wp\/v2\/comments?post=66848"}],"version-history":[{"count":0,"href":"https:\/\/rdnews.al\/index.php\/wp-json\/wp\/v2\/posts\/66848\/revisions"}],"wp:featuredmedia":[{"embeddable":true,"href":"https:\/\/rdnews.al\/index.php\/wp-json\/wp\/v2\/media\/66849"}],"wp:attachment":[{"href":"https:\/\/rdnews.al\/index.php\/wp-json\/wp\/v2\/media?parent=66848"}],"wp:term":[{"taxonomy":"category","embeddable":true,"href":"https:\/\/rdnews.al\/index.php\/wp-json\/wp\/v2\/categories?post=66848"},{"taxonomy":"post_tag","embeddable":true,"href":"https:\/\/rdnews.al\/index.php\/wp-json\/wp\/v2\/tags?post=66848"}],"curies":[{"name":"wp","href":"https:\/\/api.w.org\/{rel}","templated":true}]}}