{"id":66933,"date":"2023-12-21T08:25:47","date_gmt":"2023-12-21T08:25:47","guid":{"rendered":"https:\/\/rdnews.al\/?p=66933"},"modified":"2023-12-21T08:39:41","modified_gmt":"2023-12-21T08:39:41","slug":"regjimi-tmerrohet-nga-revolta-popullore","status":"publish","type":"post","link":"https:\/\/rdnews.al\/index.php\/2023\/12\/21\/regjimi-tmerrohet-nga-revolta-popullore\/","title":{"rendered":"Regjimi tmerrohet nga revolta popullore"},"content":{"rendered":"<p>Opozita ka thirrur protest\u00eb k\u00ebt\u00eb t\u00eb enjte n\u00eb or\u00ebn 9:30 tek Parlamenti, nd\u00ebrkoh\u00eb q\u00eb regjimi ka rrethuar parlamentin me rreth 1 mij\u00eb forca policore.<\/p>\n<p>Protestuesit e vendosur para Kuvendit, kan\u00eb tentuar q\u00eb t\u00eb \u00e7jan\u00eb kordonin e policis\u00eb, e cila \u00ebsht\u00eb b\u00ebr\u00eb \u2018gardh\u2019 para godin\u00ebs.<\/p>\n<p>Teksa n\u00eb oborrin e Kuvendit ka mb\u00ebrritur kryetari i PD, Sali Berisha, protestuesit e kan\u00eb shoq\u00ebruar at\u00eb, nd\u00ebrkoh\u00eb q\u00eb jan\u00eb penguar nga forcat e rendit.<\/p>\n<p>Pak para nisjes s\u00eb protest\u00ebs m\u00ebsohet se reth 800 efektiv\u00eb nga Policia e Tiran\u00ebs dhe Forcat e Siguris\u00eb Komb\u00ebtare (FNSH) jan\u00eb angazhuar p\u00ebr mbar\u00ebvajtjen e rendit dhe siguris\u00eb.<\/p>\n<p>Raportohet gjithashtu se n\u00eb perimetrin e Parlamentit jan\u00eb instaluar kamera me rezolucion t\u00eb lart\u00eb p\u00ebr t\u00eb identifikuar \u00e7do l\u00ebvizje t\u00eb protestuesve q\u00eb policia t\u00eb ket\u00eb t\u00eb gjitha provat e mundshme n\u00ebse do t\u00eb ket\u00eb incidente.<\/p>\n<p>Mb\u00ebshtet\u00ebsi e Gazment Bardhit do t\u00eb jen\u00eb n\u00eb sall\u00ebn e Kuvendit, po ashtu edhe ligjv\u00ebn\u00ebs t\u00eb grupit t\u00eb Berish\u00ebs q\u00eb nuk jan\u00eb t\u00eb p\u00ebrjashtuar nga punimet. Nd\u00ebrkoh\u00eb, n\u00eb protest\u00ebn e opozit\u00ebs pritet t\u00eb flasin deputet\u00eb t\u00eb p\u00ebrjashtuar dhe jo vet\u00ebm, mb\u00ebshtes t\u00eb Berish\u00ebs, si dhe vet\u00eb ish-kryeministri.<\/p>\n<p>Kujtojm\u00eb se dje Gjykata Kushtetuese rr\u00ebzoi k\u00ebrkes\u00ebn e 30 deputet\u00ebve t\u00eb opozit\u00ebs p\u00ebr t\u00eb cil\u00ebsuar antikushtetuese masat ndaj Berish\u00ebs, nd\u00ebrsa ajo ia kaloi procedur\u00ebn e radh\u00ebs Kuvendit. Sakaq, dje ish-kryeministri Sali Berisha iu b\u00ebri thirrje qytetar\u00ebve q\u00eb t\u00eb jen\u00eb pjes\u00eb e protest\u00ebs s\u00eb opozit\u00ebs. N\u00ebn moton \u201cO sot, o Kurr\u00eb\u201d, Berisha theksoi se kjo protest\u00eb do t\u00eb mbahet pasi qeveria Rama po nd\u00ebrmerr vendime antikushtetuese, si dhe paralajm\u00ebroi se jo vet\u00ebm jasht\u00eb Parlamentit, por m\u00eb dat\u00eb 21 dhjetor do t\u00eb vijoj\u00eb edhe mosbindja civile e deputet\u00ebve brenda sall\u00ebs se seanc\u00ebs plenare.<\/p>\n<p>Berisha paralajm\u00ebroi protesta edhe p\u00ebrpara SPAK, institucion, i cili sipas tij po amniston Ram\u00ebn dhe Veliajn p\u00ebr afer\u00ebn me inceneratorin e Tiran\u00ebs.<\/p>\n<p><img loading=\"lazy\" decoding=\"async\" class=\"alignnone size-medium wp-image-66944\" src=\"https:\/\/rdnews.al\/wp-content\/uploads\/2023\/12\/protesta--300x172.jpg\" alt=\"\" width=\"300\" height=\"172\" \/><\/p>\n","protected":false},"excerpt":{"rendered":"<p>Opozita ka thirrur protest\u00eb k\u00ebt\u00eb t\u00eb enjte n\u00eb or\u00ebn 9:30 tek Parlamenti, nd\u00ebrkoh\u00eb q\u00eb regjimi ka rrethuar parlamentin me rreth 1 mij\u00eb forca policore. Protestuesit e vendosur para Kuvendit, kan\u00eb tentuar q\u00eb t\u00eb \u00e7jan\u00eb kordonin e policis\u00eb, e cila \u00ebsht\u00eb b\u00ebr\u00eb \u2018gardh\u2019 para godin\u00ebs. Teksa n\u00eb oborrin e Kuvendit ka mb\u00ebrritur kryetari i PD, Sali &hellip;<\/p>\n","protected":false},"author":4,"featured_media":66934,"comment_status":"closed","ping_status":"closed","sticky":false,"template":"","format":"standard","meta":{"footnotes":""},"categories":[37],"tags":[],"class_list":["post-66933","post","type-post","status-publish","format-standard","has-post-thumbnail","","category-politike"],"_links":{"self":[{"href":"https:\/\/rdnews.al\/index.php\/wp-json\/wp\/v2\/posts\/66933","targetHints":{"allow":["GET"]}}],"collection":[{"href":"https:\/\/rdnews.al\/index.php\/wp-json\/wp\/v2\/posts"}],"about":[{"href":"https:\/\/rdnews.al\/index.php\/wp-json\/wp\/v2\/types\/post"}],"author":[{"embeddable":true,"href":"https:\/\/rdnews.al\/index.php\/wp-json\/wp\/v2\/users\/4"}],"replies":[{"embeddable":true,"href":"https:\/\/rdnews.al\/index.php\/wp-json\/wp\/v2\/comments?post=66933"}],"version-history":[{"count":0,"href":"https:\/\/rdnews.al\/index.php\/wp-json\/wp\/v2\/posts\/66933\/revisions"}],"wp:featuredmedia":[{"embeddable":true,"href":"https:\/\/rdnews.al\/index.php\/wp-json\/wp\/v2\/media\/66934"}],"wp:attachment":[{"href":"https:\/\/rdnews.al\/index.php\/wp-json\/wp\/v2\/media?parent=66933"}],"wp:term":[{"taxonomy":"category","embeddable":true,"href":"https:\/\/rdnews.al\/index.php\/wp-json\/wp\/v2\/categories?post=66933"},{"taxonomy":"post_tag","embeddable":true,"href":"https:\/\/rdnews.al\/index.php\/wp-json\/wp\/v2\/tags?post=66933"}],"curies":[{"name":"wp","href":"https:\/\/api.w.org\/{rel}","templated":true}]}}