{"id":66937,"date":"2023-12-21T08:31:55","date_gmt":"2023-12-21T08:31:55","guid":{"rendered":"https:\/\/rdnews.al\/?p=66937"},"modified":"2023-12-21T08:33:42","modified_gmt":"2023-12-21T08:33:42","slug":"deputetet-e-opozites-cajne-rrethimin-e-gardes-dhe-hyjne-ne-ambientet-e-parlamentit","status":"publish","type":"post","link":"https:\/\/rdnews.al\/index.php\/2023\/12\/21\/deputetet-e-opozites-cajne-rrethimin-e-gardes-dhe-hyjne-ne-ambientet-e-parlamentit\/","title":{"rendered":"Deputet\u00ebt e opozit\u00ebs \u00e7ajn\u00eb rrethimin e Gard\u00ebs dhe hyjn\u00eb n\u00eb Parlament"},"content":{"rendered":"<p>Ashtu sikurse n\u00eb seanc\u00ebn e shkuar, edhe n\u00eb seanc\u00ebn e sotme deputet\u00ebt e opozit\u00ebs po p\u00ebrplasen me punonj\u00ebsit e Gard\u00ebs s\u00eb Republik\u00ebs, t\u00eb cil\u00ebs nuk lejojn\u00eb deputet\u00ebt opozitar t\u00eb hyjn\u00eb.<\/p>\n<p>Deputetja Albana Vokshi ka hyr\u00eb me forc\u00eb brenda, nd\u00ebrsa \u00ebsht\u00eb ndjekur edhe nga deputet\u00ebt e tjer\u00eb demokrat\u00eb.<\/p>\n<p><img loading=\"lazy\" decoding=\"async\" class=\"alignnone size-medium wp-image-66939\" src=\"https:\/\/rdnews.al\/wp-content\/uploads\/2023\/12\/polic-1-300x160.jpg\" alt=\"\" width=\"300\" height=\"160\" srcset=\"https:\/\/rdnews.al\/wp-content\/uploads\/2023\/12\/polic-1-300x160.jpg 300w, https:\/\/rdnews.al\/wp-content\/uploads\/2023\/12\/polic-1-310x165.jpg 310w, https:\/\/rdnews.al\/wp-content\/uploads\/2023\/12\/polic-1.jpg 750w\" sizes=\"auto, (max-width: 300px) 100vw, 300px\" \/><\/p>\n<p><img loading=\"lazy\" decoding=\"async\" class=\"alignnone size-medium wp-image-66934\" src=\"https:\/\/rdnews.al\/wp-content\/uploads\/2023\/12\/polic-300x148.jpg\" alt=\"\" width=\"300\" height=\"148\" srcset=\"https:\/\/rdnews.al\/wp-content\/uploads\/2023\/12\/polic-300x148.jpg 300w, https:\/\/rdnews.al\/wp-content\/uploads\/2023\/12\/polic-768x378.jpg 768w, https:\/\/rdnews.al\/wp-content\/uploads\/2023\/12\/polic.jpg 770w\" sizes=\"auto, (max-width: 300px) 100vw, 300px\" \/><\/p>\n","protected":false},"excerpt":{"rendered":"<p>Ashtu sikurse n\u00eb seanc\u00ebn e shkuar, edhe n\u00eb seanc\u00ebn e sotme deputet\u00ebt e opozit\u00ebs po p\u00ebrplasen me punonj\u00ebsit e Gard\u00ebs s\u00eb Republik\u00ebs, t\u00eb cil\u00ebs nuk lejojn\u00eb deputet\u00ebt opozitar t\u00eb hyjn\u00eb. Deputetja Albana Vokshi ka hyr\u00eb me forc\u00eb brenda, nd\u00ebrsa \u00ebsht\u00eb ndjekur edhe nga deputet\u00ebt e tjer\u00eb demokrat\u00eb.<\/p>\n","protected":false},"author":4,"featured_media":66942,"comment_status":"closed","ping_status":"closed","sticky":false,"template":"","format":"standard","meta":{"footnotes":""},"categories":[37],"tags":[],"class_list":["post-66937","post","type-post","status-publish","format-standard","has-post-thumbnail","","category-politike"],"_links":{"self":[{"href":"https:\/\/rdnews.al\/index.php\/wp-json\/wp\/v2\/posts\/66937","targetHints":{"allow":["GET"]}}],"collection":[{"href":"https:\/\/rdnews.al\/index.php\/wp-json\/wp\/v2\/posts"}],"about":[{"href":"https:\/\/rdnews.al\/index.php\/wp-json\/wp\/v2\/types\/post"}],"author":[{"embeddable":true,"href":"https:\/\/rdnews.al\/index.php\/wp-json\/wp\/v2\/users\/4"}],"replies":[{"embeddable":true,"href":"https:\/\/rdnews.al\/index.php\/wp-json\/wp\/v2\/comments?post=66937"}],"version-history":[{"count":0,"href":"https:\/\/rdnews.al\/index.php\/wp-json\/wp\/v2\/posts\/66937\/revisions"}],"wp:featuredmedia":[{"embeddable":true,"href":"https:\/\/rdnews.al\/index.php\/wp-json\/wp\/v2\/media\/66942"}],"wp:attachment":[{"href":"https:\/\/rdnews.al\/index.php\/wp-json\/wp\/v2\/media?parent=66937"}],"wp:term":[{"taxonomy":"category","embeddable":true,"href":"https:\/\/rdnews.al\/index.php\/wp-json\/wp\/v2\/categories?post=66937"},{"taxonomy":"post_tag","embeddable":true,"href":"https:\/\/rdnews.al\/index.php\/wp-json\/wp\/v2\/tags?post=66937"}],"curies":[{"name":"wp","href":"https:\/\/api.w.org\/{rel}","templated":true}]}}