{"id":66946,"date":"2023-12-21T08:41:56","date_gmt":"2023-12-21T08:41:56","guid":{"rendered":"https:\/\/rdnews.al\/?p=66946"},"modified":"2023-12-21T08:43:39","modified_gmt":"2023-12-21T08:43:39","slug":"protestuesit-para-kuvendit-poshte-diktatura","status":"publish","type":"post","link":"https:\/\/rdnews.al\/index.php\/2023\/12\/21\/protestuesit-para-kuvendit-poshte-diktatura\/","title":{"rendered":"Protestuesit para Kuvendit: Posht\u00eb diktatura!"},"content":{"rendered":"<p>Qytetar\u00eb t\u00eb shumt\u00eb jan\u00eb mbledhur p\u00ebrpara Kuvendit n\u00eb protest\u00ebn e thirrur nga opozita. Ata kan\u00eb nisur t\u00eb th\u00ebrrasin: Posht\u00eb diktatura!<\/p>\n<p>Qytetar\u00ebt po protestojn\u00eb me moton: O sot, o kurr\u00eb!<\/p>\n<p>Nd\u00ebrkoh\u00eb, edhe deputet\u00ebt e opozit\u00ebs po protestojn\u00eb, duke k\u00ebrkuar t\u00eb futen brenda n\u00eb Kuvend.<\/p>\n<p>Edhe n\u00eb k\u00ebt\u00eb seanc\u00eb, Edi Rama nuk po lejon deputet\u00ebt e opozit\u00ebs t\u00eb futen n\u00eb sall\u00ebn e Kuvendit.<\/p>\n<p>Forca t\u00eb shumta t\u00eb Gard\u00ebs s\u00eb Republik\u00ebs nuk po lejojn\u00eb deputet\u00ebt e opozit\u00ebs t\u00eb futen brenda.<\/p>\n<p>Edhe pse ligjv\u00ebn\u00ebsit demokrat\u00eb thon\u00eb se ata po shkelin ligjin, forcat e gard\u00ebs jan\u00eb vendosur gardh para der\u00ebs.<\/p>\n","protected":false},"excerpt":{"rendered":"<p>Qytetar\u00eb t\u00eb shumt\u00eb jan\u00eb mbledhur p\u00ebrpara Kuvendit n\u00eb protest\u00ebn e thirrur nga opozita. Ata kan\u00eb nisur t\u00eb th\u00ebrrasin: Posht\u00eb diktatura! Qytetar\u00ebt po protestojn\u00eb me moton: O sot, o kurr\u00eb! Nd\u00ebrkoh\u00eb, edhe deputet\u00ebt e opozit\u00ebs po protestojn\u00eb, duke k\u00ebrkuar t\u00eb futen brenda n\u00eb Kuvend. Edhe n\u00eb k\u00ebt\u00eb seanc\u00eb, Edi Rama nuk po lejon deputet\u00ebt e opozit\u00ebs &hellip;<\/p>\n","protected":false},"author":4,"featured_media":0,"comment_status":"closed","ping_status":"closed","sticky":false,"template":"","format":"standard","meta":{"footnotes":""},"categories":[37],"tags":[],"class_list":["post-66946","post","type-post","status-publish","format-standard","","category-politike"],"_links":{"self":[{"href":"https:\/\/rdnews.al\/index.php\/wp-json\/wp\/v2\/posts\/66946","targetHints":{"allow":["GET"]}}],"collection":[{"href":"https:\/\/rdnews.al\/index.php\/wp-json\/wp\/v2\/posts"}],"about":[{"href":"https:\/\/rdnews.al\/index.php\/wp-json\/wp\/v2\/types\/post"}],"author":[{"embeddable":true,"href":"https:\/\/rdnews.al\/index.php\/wp-json\/wp\/v2\/users\/4"}],"replies":[{"embeddable":true,"href":"https:\/\/rdnews.al\/index.php\/wp-json\/wp\/v2\/comments?post=66946"}],"version-history":[{"count":0,"href":"https:\/\/rdnews.al\/index.php\/wp-json\/wp\/v2\/posts\/66946\/revisions"}],"wp:attachment":[{"href":"https:\/\/rdnews.al\/index.php\/wp-json\/wp\/v2\/media?parent=66946"}],"wp:term":[{"taxonomy":"category","embeddable":true,"href":"https:\/\/rdnews.al\/index.php\/wp-json\/wp\/v2\/categories?post=66946"},{"taxonomy":"post_tag","embeddable":true,"href":"https:\/\/rdnews.al\/index.php\/wp-json\/wp\/v2\/tags?post=66946"}],"curies":[{"name":"wp","href":"https:\/\/api.w.org\/{rel}","templated":true}]}}