{"id":66949,"date":"2023-12-21T08:47:01","date_gmt":"2023-12-21T08:47:01","guid":{"rendered":"https:\/\/rdnews.al\/?p=66949"},"modified":"2023-12-21T08:47:01","modified_gmt":"2023-12-21T08:47:01","slug":"garda-me-urdher-te-rames-nuk-po-lejon-deputetet-e-opozites-te-futen-ne-sallen-e-kuvendit","status":"publish","type":"post","link":"https:\/\/rdnews.al\/index.php\/2023\/12\/21\/garda-me-urdher-te-rames-nuk-po-lejon-deputetet-e-opozites-te-futen-ne-sallen-e-kuvendit\/","title":{"rendered":"Garda me urdh\u00ebr t\u00eb Ram\u00ebs nuk po lejon deputet\u00ebt e opozit\u00ebs t\u00eb futen n\u00eb sall\u00ebn e Kuvendit"},"content":{"rendered":"<p>Edhe n\u00eb k\u00ebt\u00eb seanc\u00eb, Edi Rama nuk po lejon deputet\u00ebt e opozit\u00ebs t\u00eb futen n\u00eb sall\u00ebn e Kuvendit. Forca t\u00eb shumta t\u00eb Gard\u00ebs s\u00eb Republik\u00ebs nuk po lejojn\u00eb deputet\u00ebt e opozit\u00ebs t\u00eb futen brenda.<\/p>\n<p>Edhe pse ligjv\u00ebn\u00ebsit demokrat\u00eb thon\u00eb se ata po shkelin ligjin, forcat e gard\u00ebs jan\u00eb vendosur gardh para der\u00ebs.<\/p>\n<p>Deputeti demokrat, Asllan Dogjani i cili nuk lejoi t\u00eb futej n\u00eb ambientet e Parlamentit tha se ishte p\u00ebrjashtuar 10 dit\u00eb, por as n\u00eb seanc\u00ebn e sotme nuk u la t\u00eb hynte n\u00eb Kuvend.<\/p>\n<p>\u201cK\u00ebtu drejton Edi Rama, urdh\u00ebron Edi Rama.<\/p>\n<p>Edhe deputet\u00ebt e mazhoranc\u00ebs thon\u00eb jemi n\u00ebn presionin e Edi Ram\u00ebs. Jemi 10 deputet\u00eb, 7 jan\u00eb n\u00eb seanc\u00ebn e fundit dhe 3 n\u00eb seanc\u00ebn e kaluar.<\/p>\n<p>Rregullorja thot\u00eb 10 dit\u00eb, ne jemi 15 dit\u00eb t\u00eb p\u00ebrjashtuar. Ne fjal\u00ebn kemi. K\u00ebrkojm\u00eb komisionet hetimore, k\u00ebrkojm\u00eb q\u00eb reform\u00ebn zgjedhore ta b\u00ebjm\u00eb bashk\u00eb\u201d,\u00a0tha midis t\u00eb tjerash ai.<\/p>\n","protected":false},"excerpt":{"rendered":"<p>Edhe n\u00eb k\u00ebt\u00eb seanc\u00eb, Edi Rama nuk po lejon deputet\u00ebt e opozit\u00ebs t\u00eb futen n\u00eb sall\u00ebn e Kuvendit. Forca t\u00eb shumta t\u00eb Gard\u00ebs s\u00eb Republik\u00ebs nuk po lejojn\u00eb deputet\u00ebt e opozit\u00ebs t\u00eb futen brenda. Edhe pse ligjv\u00ebn\u00ebsit demokrat\u00eb thon\u00eb se ata po shkelin ligjin, forcat e gard\u00ebs jan\u00eb vendosur gardh para der\u00ebs. Deputeti demokrat, Asllan &hellip;<\/p>\n","protected":false},"author":4,"featured_media":66950,"comment_status":"closed","ping_status":"closed","sticky":false,"template":"","format":"standard","meta":{"footnotes":""},"categories":[37],"tags":[],"class_list":["post-66949","post","type-post","status-publish","format-standard","has-post-thumbnail","","category-politike"],"_links":{"self":[{"href":"https:\/\/rdnews.al\/index.php\/wp-json\/wp\/v2\/posts\/66949","targetHints":{"allow":["GET"]}}],"collection":[{"href":"https:\/\/rdnews.al\/index.php\/wp-json\/wp\/v2\/posts"}],"about":[{"href":"https:\/\/rdnews.al\/index.php\/wp-json\/wp\/v2\/types\/post"}],"author":[{"embeddable":true,"href":"https:\/\/rdnews.al\/index.php\/wp-json\/wp\/v2\/users\/4"}],"replies":[{"embeddable":true,"href":"https:\/\/rdnews.al\/index.php\/wp-json\/wp\/v2\/comments?post=66949"}],"version-history":[{"count":0,"href":"https:\/\/rdnews.al\/index.php\/wp-json\/wp\/v2\/posts\/66949\/revisions"}],"wp:featuredmedia":[{"embeddable":true,"href":"https:\/\/rdnews.al\/index.php\/wp-json\/wp\/v2\/media\/66950"}],"wp:attachment":[{"href":"https:\/\/rdnews.al\/index.php\/wp-json\/wp\/v2\/media?parent=66949"}],"wp:term":[{"taxonomy":"category","embeddable":true,"href":"https:\/\/rdnews.al\/index.php\/wp-json\/wp\/v2\/categories?post=66949"},{"taxonomy":"post_tag","embeddable":true,"href":"https:\/\/rdnews.al\/index.php\/wp-json\/wp\/v2\/tags?post=66949"}],"curies":[{"name":"wp","href":"https:\/\/api.w.org\/{rel}","templated":true}]}}