{"id":66952,"date":"2023-12-21T08:54:17","date_gmt":"2023-12-21T08:54:17","guid":{"rendered":"https:\/\/rdnews.al\/?p=66952"},"modified":"2023-12-21T08:54:29","modified_gmt":"2023-12-21T08:54:29","slug":"berisha-nga-parlamenti-ky-akt-i-shemtuar-nga-rama-brava-nuk-do-ta-mposhte-kurre-opoziten","status":"publish","type":"post","link":"https:\/\/rdnews.al\/index.php\/2023\/12\/21\/berisha-nga-parlamenti-ky-akt-i-shemtuar-nga-rama-brava-nuk-do-ta-mposhte-kurre-opoziten\/","title":{"rendered":"Berisha nga parlamenti: Ky akt i sh\u00ebmtuar nga Rama-Brava nuk do ta mposht\u00eb kurr\u00eb opozit\u00ebn!"},"content":{"rendered":"<p>Kryetari i PD, Sali Berisha u shpreh nga salla e parlamentit se, Rama-Brava votoj\u00eb p\u00ebr heqjen e imunitetit dhe arrestimin e kryetarit t\u00eb PD. Berisha tha se, ky akt i sh\u00ebmtuar nuk do ta mposht\u00eb kurr\u00eb opozit\u00ebn!<br \/>\n\u201cDeputet\u00ebt e opozit\u00ebs me vendosm\u00ebri kan\u00eb denoncuar dhe denoncojn\u00eb vjedhjet e paimagjinueshme, aferat e shekullit t\u00eb Edi Ram\u00ebs, familjar\u00ebve t\u00eb tij, Taulant Ball\u00ebs, bandave dhe ministrave e parlamentar\u00ebve t\u00eb tjer\u00eb.<br \/>\nDeputet\u00ebt e opozit\u00ebs i kan\u00eb kallur tmerrin mazhoranc\u00ebs dhe prej jav\u00ebsh parlamenti ka m\u00eb shum\u00eb gardist\u00eb se deputet\u00eb.<br \/>\nPrej shum\u00eb jav\u00ebsh, parlamenti defakto \u00ebsht\u00eb shnd\u00ebrruar n\u00eb ilegjimitet dhe antikushtetueshm\u00ebri.<br \/>\nSot pas nj\u00eb vendimi antikushtetues t\u00eb Gjykat\u00ebs Kushtetuese, pas nj\u00eb vendimi antikushtetues t\u00eb komisionit Rama-Brava, k\u00ebrkojn\u00eb p\u00ebr heqjen e imunitetit dhe arrestimin e kryetarit t\u00eb PD, duke besuar se n\u00eb k\u00ebt\u00eb m\u00ebnyr\u00eb do t\u00eb mposhtin opozit\u00ebn.<br \/>\nKy \u00ebsht\u00eb nj\u00eb akt i sh\u00ebmtuar, krim i v\u00ebrtet\u00eb, por n\u00eb realitet nuk do t\u00eb mposht\u00eb kurr\u00eb opozit\u00ebn.<br \/>\nKy akt d\u00ebshmon s\u00eb pari se n\u00eb Shqip\u00ebri ka nj\u00eb opozit\u00eb t\u00eb fuqishme e cila q\u00ebndron e pal\u00ebkundur kund\u00ebr k\u00ebsaj bande n\u00eb pushtet q\u00eb ka vendosur diktatur\u00ebn e saj, q\u00ebndron kund\u00ebr argat\u00ebve, lakejve t\u00eb saj n\u00eb t\u00eb gjitha institucionet dhe m\u00eb gjer\u00eb.<br \/>\nQ\u00ebndron kund\u00ebr n\u00eb m\u00ebnyr\u00eb t\u00eb padiskutueshme n\u00eb fitoren e saj\u201d, tha Berisha.<\/p>\n","protected":false},"excerpt":{"rendered":"<p>Kryetari i PD, Sali Berisha u shpreh nga salla e parlamentit se, Rama-Brava votoj\u00eb p\u00ebr heqjen e imunitetit dhe arrestimin e kryetarit t\u00eb PD. Berisha tha se, ky akt i sh\u00ebmtuar nuk do ta mposht\u00eb kurr\u00eb opozit\u00ebn! \u201cDeputet\u00ebt e opozit\u00ebs me vendosm\u00ebri kan\u00eb denoncuar dhe denoncojn\u00eb vjedhjet e paimagjinueshme, aferat e shekullit t\u00eb Edi Ram\u00ebs, &hellip;<\/p>\n","protected":false},"author":4,"featured_media":66953,"comment_status":"closed","ping_status":"closed","sticky":false,"template":"","format":"standard","meta":{"footnotes":""},"categories":[37],"tags":[],"class_list":["post-66952","post","type-post","status-publish","format-standard","has-post-thumbnail","","category-politike"],"_links":{"self":[{"href":"https:\/\/rdnews.al\/index.php\/wp-json\/wp\/v2\/posts\/66952","targetHints":{"allow":["GET"]}}],"collection":[{"href":"https:\/\/rdnews.al\/index.php\/wp-json\/wp\/v2\/posts"}],"about":[{"href":"https:\/\/rdnews.al\/index.php\/wp-json\/wp\/v2\/types\/post"}],"author":[{"embeddable":true,"href":"https:\/\/rdnews.al\/index.php\/wp-json\/wp\/v2\/users\/4"}],"replies":[{"embeddable":true,"href":"https:\/\/rdnews.al\/index.php\/wp-json\/wp\/v2\/comments?post=66952"}],"version-history":[{"count":0,"href":"https:\/\/rdnews.al\/index.php\/wp-json\/wp\/v2\/posts\/66952\/revisions"}],"wp:featuredmedia":[{"embeddable":true,"href":"https:\/\/rdnews.al\/index.php\/wp-json\/wp\/v2\/media\/66953"}],"wp:attachment":[{"href":"https:\/\/rdnews.al\/index.php\/wp-json\/wp\/v2\/media?parent=66952"}],"wp:term":[{"taxonomy":"category","embeddable":true,"href":"https:\/\/rdnews.al\/index.php\/wp-json\/wp\/v2\/categories?post=66952"},{"taxonomy":"post_tag","embeddable":true,"href":"https:\/\/rdnews.al\/index.php\/wp-json\/wp\/v2\/tags?post=66952"}],"curies":[{"name":"wp","href":"https:\/\/api.w.org\/{rel}","templated":true}]}}