{"id":66955,"date":"2023-12-21T08:59:47","date_gmt":"2023-12-21T08:59:47","guid":{"rendered":"https:\/\/rdnews.al\/?p=66955"},"modified":"2023-12-21T09:01:28","modified_gmt":"2023-12-21T09:01:28","slug":"berisha-sic-u-zvarrit-ati-i-tyre-shpirteror-do-krrehen-edhe-keta-nga-pushteti","status":"publish","type":"post","link":"https:\/\/rdnews.al\/index.php\/2023\/12\/21\/berisha-sic-u-zvarrit-ati-i-tyre-shpirteror-do-krrehen-edhe-keta-nga-pushteti\/","title":{"rendered":"Berisha: Si\u00e7 u zvarrit ati i tyre shpirt\u00ebror, do krrehen edhe k\u00ebta nga pushteti!"},"content":{"rendered":"<p>Kryetari i PD, Sali Berisha tha nga salla e Kuvendit se, si\u00e7 u zvarrit ati i tyre shpirt\u00ebror, do krrehen edhe k\u00ebta nga pushteti! Berisha tha se, do i b\u00ebjm\u00eb pluhur me l\u00ebvizjen ton\u00eb!<br \/>\n\u201cP\u00ebrpjekja q\u00eb b\u00ebn\u00eb me 9 shtator, kjo band\u00eb me mafian nd\u00ebrkomb\u00ebtare t\u00eb George Soros, d\u00ebshroi n\u00eb m\u00ebnyr\u00ebn m\u00eb spektakolare.<br \/>\nSot opozita \u00ebsht\u00eb n\u00eb k\u00ebmb\u00eb m\u00eb shum\u00eb se kurr\u00eb. Sot kjo p\u00ebrpjekje do t\u00eb arkivohet, do t\u00eb d\u00ebshtoj\u00eb me turp me p\u00ebrmbysjen e k\u00ebtyre kriminel\u00ebve q\u00eb jan\u00eb sot n\u00eb pushtet dhe q\u00eb kan\u00eb shkat\u00ebrruar Shqip\u00ebrin\u00eb, shqiptar\u00ebt m\u00eb shum\u00eb se \u00e7do pushtues tjet\u00ebr n\u00eb histori.<br \/>\nK\u00ebta ministra, ky kryeminist\u00ebr k\u00ebta deputet\u00eb pasurohen si shushunja \u00e7do dit\u00eb, \u00e7do jav\u00eb duke thithur gjakun gjakun e me t\u00eb varf\u00ebrve. K\u00ebta kan\u00eb p\u00ebrz\u00ebn\u00eb nga Shqip\u00ebria 1.3 milion\u00eb banor\u00eb.<br \/>\nK\u00ebta i pret verdikti i madh i opozit\u00ebs, i pret gjyqi i madh i kombit shqiptar dhe historis\u00eb s\u00eb tij.<br \/>\nK\u00ebta t\u00eb ardhme nuk kan\u00eb.<br \/>\nSot kan\u00eb rreshtuar me dhjet\u00ebra gardist\u00eb dhe struken prapa tyre p\u00ebr t\u00eb mbrojtur krimin e sh\u00ebmtuar q\u00eb kryejn\u00eb.<br \/>\nPor nes\u00ebr, si\u00e7 u zvarrit ati i tyre shpirt\u00ebror, do krrehen edhe k\u00ebta nga pushteti dhe kam bindjen m\u00eb t\u00eb thell\u00eb se nuk ka forc\u00eb n\u00eb bot\u00eb q\u00eb mund t\u2019i pengoj\u00eb shqiptar\u00ebt p\u00ebr t\u00eb rivendosur n\u00eb piedestal idealet dhe vullnetin e tyre t\u00eb lir\u00eb.<br \/>\nSot pra \u00ebsht\u00eb nj\u00eb dit\u00eb beteje, n\u00eb t\u00eb cil\u00ebn ne do q\u00ebndrojm\u00eb.<br \/>\nPor kjo \u00ebsht\u00eb edhe nj\u00eb dit\u00eb frym\u00ebzimi p\u00ebr ne, sepse at\u00eb q\u00eb mendojn\u00eb ky grup narkotrafikant\u00ebsh, ne do e b\u00ebjm\u00eb pluhur me l\u00ebvizjen ton\u00eb t\u00eb fuqishme.<br \/>\nNdaj dhe thirrja o sot o kurr\u00eb p\u00ebr t\u00eb drejtat tona, p\u00ebr lirin\u00eb e vot\u00ebs, p\u00ebr fitoren e opozit\u00ebs\u201d, tha Berisha.<\/p>\n","protected":false},"excerpt":{"rendered":"<p>Kryetari i PD, Sali Berisha tha nga salla e Kuvendit se, si\u00e7 u zvarrit ati i tyre shpirt\u00ebror, do krrehen edhe k\u00ebta nga pushteti! Berisha tha se, do i b\u00ebjm\u00eb pluhur me l\u00ebvizjen ton\u00eb! \u201cP\u00ebrpjekja q\u00eb b\u00ebn\u00eb me 9 shtator, kjo band\u00eb me mafian nd\u00ebrkomb\u00ebtare t\u00eb George Soros, d\u00ebshroi n\u00eb m\u00ebnyr\u00ebn m\u00eb spektakolare. Sot opozita &hellip;<\/p>\n","protected":false},"author":4,"featured_media":66958,"comment_status":"closed","ping_status":"closed","sticky":false,"template":"","format":"standard","meta":{"footnotes":""},"categories":[37],"tags":[],"class_list":["post-66955","post","type-post","status-publish","format-standard","has-post-thumbnail","","category-politike"],"_links":{"self":[{"href":"https:\/\/rdnews.al\/index.php\/wp-json\/wp\/v2\/posts\/66955","targetHints":{"allow":["GET"]}}],"collection":[{"href":"https:\/\/rdnews.al\/index.php\/wp-json\/wp\/v2\/posts"}],"about":[{"href":"https:\/\/rdnews.al\/index.php\/wp-json\/wp\/v2\/types\/post"}],"author":[{"embeddable":true,"href":"https:\/\/rdnews.al\/index.php\/wp-json\/wp\/v2\/users\/4"}],"replies":[{"embeddable":true,"href":"https:\/\/rdnews.al\/index.php\/wp-json\/wp\/v2\/comments?post=66955"}],"version-history":[{"count":0,"href":"https:\/\/rdnews.al\/index.php\/wp-json\/wp\/v2\/posts\/66955\/revisions"}],"wp:featuredmedia":[{"embeddable":true,"href":"https:\/\/rdnews.al\/index.php\/wp-json\/wp\/v2\/media\/66958"}],"wp:attachment":[{"href":"https:\/\/rdnews.al\/index.php\/wp-json\/wp\/v2\/media?parent=66955"}],"wp:term":[{"taxonomy":"category","embeddable":true,"href":"https:\/\/rdnews.al\/index.php\/wp-json\/wp\/v2\/categories?post=66955"},{"taxonomy":"post_tag","embeddable":true,"href":"https:\/\/rdnews.al\/index.php\/wp-json\/wp\/v2\/tags?post=66955"}],"curies":[{"name":"wp","href":"https:\/\/api.w.org\/{rel}","templated":true}]}}