{"id":66959,"date":"2023-12-21T09:13:23","date_gmt":"2023-12-21T09:13:23","guid":{"rendered":"https:\/\/rdnews.al\/?p=66959"},"modified":"2023-12-21T09:13:23","modified_gmt":"2023-12-21T09:13:23","slug":"berisha-rama-u-fut-nga-tuneli-i-gjinushit-opozitaret-jane-me-te-vendosur-se-kurre-te-perballen-me-kete-bande","status":"publish","type":"post","link":"https:\/\/rdnews.al\/index.php\/2023\/12\/21\/berisha-rama-u-fut-nga-tuneli-i-gjinushit-opozitaret-jane-me-te-vendosur-se-kurre-te-perballen-me-kete-bande\/","title":{"rendered":"Berisha: Rama u fut nga tuneli i Gjinushit! Opozitar\u00ebt jan\u00eb m\u00eb t\u00eb vendosur se kurr\u00eb t\u00eb p\u00ebrballen me k\u00ebt\u00eb band\u00eb"},"content":{"rendered":"<p>Kryetari i PD, Sali Berisha tha se, Edi Rama u fut n\u00eb Parlament nga tuneli i Gjinushit! Berisha tha se, opozitar\u00ebt jan\u00eb m\u00eb t\u00eb vendosur se kurr\u00eb t\u00eb p\u00ebrballen me k\u00ebt\u00eb band\u00eb.<br \/>\nMora fjal\u00ebn p\u00ebr t\u2019u dh\u00ebn\u00eb nj\u00eb lajm t\u00eb r\u00ebnd\u00ebsish\u00ebm, se kryetari i k\u00ebtyre burrec\u00ebve, nuk guxon t\u00eb futet n\u00eb parlament nga dyert zyrtare t\u00eb parlamentit, por shkon dhe futet nga zyra e Sk\u00ebnder Gjinushit.<br \/>\nPra, p\u00ebrdor Akademin\u00eb e Shkencave si tunel p\u00ebr t\u00eb hyr\u00eb n\u00eb parlament. Kaq trim \u00ebsht\u00eb Edi Rama dhe kaq burra jan\u00eb k\u00ebta.<br \/>\nJa ku \u00ebsht\u00eb Balla, q\u00eb ka mbiem\u00ebr t\u00eb dyt\u00eb Bega, q\u00eb \u00ebsht\u00eb eksponent kryesor i krimit n\u00eb Shqip\u00ebri, Ballkan dhe Europ\u00eb.<br \/>\nPra, me gjith\u00eb k\u00ebto detashmentet e kuqe q\u00eb kan\u00eb shpalosur n\u00eb parlament dhe rreth tij, me gjith\u00eb bandat q\u00ebkan\u00eb marr\u00eb rreth parlamentit, nuk guxon t\u00eb futet nga dyert zyrtare t\u00eb parlamentit n\u00eb parlament, por preferon tunelet nj\u00eblloj sikur t\u00eb ishte nj\u00eb terrorist apo klandestin.<br \/>\nUa paraqita k\u00ebt\u00eb shembull p\u00ebr t\u00eb treguar se kush ka frik\u00eb sot. K\u00ebta jan\u00eb frika, jan\u00eb btoa e frik\u00ebs.<br \/>\nKurse opozitar\u00ebt jan\u00eb burrat dhe grat\u00eb e idealeve, opozitar\u00ebt jan\u00eb t\u00eb vendosur sot m\u00eb shum\u00eb se kurr\u00eb t\u00eb p\u00ebrballen me k\u00ebt\u00eb band\u00eb q\u00eb po i varf\u00ebron \u00e7do dit\u00eb shqiptar\u00ebt.<br \/>\nMe k\u00ebt\u00eb band\u00eb q\u00eb po e vendos p\u00ebrfundimisht krahas Rusis\u00eb s\u00eb Putinit, Mianmarit t\u00eb junt\u00ebs, Bjellorusis\u00eb dhe Iranit, duke arrestuar liderin e partis\u00eb m\u00eb t\u00eb madhe opozitare.<br \/>\nKjo frik\u00eb, ky tmerr i tyre \u00ebsht\u00eb d\u00ebshmia m\u00eb e fuqishme se opozita \u00ebsht\u00eb sot p\u00ebrcaktues i jet\u00ebs politike t\u00eb vendit.<br \/>\n\u00cbsht\u00eb sot faktori m\u00eb kryesor n\u00eb politik\u00ebn e Shqip\u00ebris\u00eb.<br \/>\n\u00cbsht\u00eb sot shpresa e vetme e shqiptar\u00ebve dhe k\u00ebta q\u00eb jeni k\u00ebtu jan\u00eb t\u00eb pashpres\u00eb. K\u00ebta kan\u00eb frik\u00eb dhe tmerr dit\u00eb e nat\u00eb nga vjedhjet e tyre, nga implikimet n\u00eb krim dhe sh\u00ebrbimet q\u00eb i kan\u00eb b\u00ebr\u00eb kreut t\u00eb Meduz\u00ebs, Edi Ram\u00ebs.<br \/>\nNdaj dhe kjo \u00ebsht\u00eb nj\u00eb dit\u00eb motivimi p\u00ebr \u00e7do qytetar q\u00eb beson se pluralizmi politik dhe opozita jan\u00eb vlerat m\u00eb t\u00eb fuqishme morale t\u00eb nj\u00eb kombi dhe q\u00eb beson se demokraci pa opozit\u00eb, nuk ka dhe nuk mund t\u00eb ket\u00eb.<\/p>\n","protected":false},"excerpt":{"rendered":"<p>Kryetari i PD, Sali Berisha tha se, Edi Rama u fut n\u00eb Parlament nga tuneli i Gjinushit! Berisha tha se, opozitar\u00ebt jan\u00eb m\u00eb t\u00eb vendosur se kurr\u00eb t\u00eb p\u00ebrballen me k\u00ebt\u00eb band\u00eb. Mora fjal\u00ebn p\u00ebr t\u2019u dh\u00ebn\u00eb nj\u00eb lajm t\u00eb r\u00ebnd\u00ebsish\u00ebm, se kryetari i k\u00ebtyre burrec\u00ebve, nuk guxon t\u00eb futet n\u00eb parlament nga dyert zyrtare &hellip;<\/p>\n","protected":false},"author":4,"featured_media":66953,"comment_status":"closed","ping_status":"closed","sticky":false,"template":"","format":"standard","meta":{"footnotes":""},"categories":[37],"tags":[],"class_list":["post-66959","post","type-post","status-publish","format-standard","has-post-thumbnail","","category-politike"],"_links":{"self":[{"href":"https:\/\/rdnews.al\/index.php\/wp-json\/wp\/v2\/posts\/66959","targetHints":{"allow":["GET"]}}],"collection":[{"href":"https:\/\/rdnews.al\/index.php\/wp-json\/wp\/v2\/posts"}],"about":[{"href":"https:\/\/rdnews.al\/index.php\/wp-json\/wp\/v2\/types\/post"}],"author":[{"embeddable":true,"href":"https:\/\/rdnews.al\/index.php\/wp-json\/wp\/v2\/users\/4"}],"replies":[{"embeddable":true,"href":"https:\/\/rdnews.al\/index.php\/wp-json\/wp\/v2\/comments?post=66959"}],"version-history":[{"count":0,"href":"https:\/\/rdnews.al\/index.php\/wp-json\/wp\/v2\/posts\/66959\/revisions"}],"wp:featuredmedia":[{"embeddable":true,"href":"https:\/\/rdnews.al\/index.php\/wp-json\/wp\/v2\/media\/66953"}],"wp:attachment":[{"href":"https:\/\/rdnews.al\/index.php\/wp-json\/wp\/v2\/media?parent=66959"}],"wp:term":[{"taxonomy":"category","embeddable":true,"href":"https:\/\/rdnews.al\/index.php\/wp-json\/wp\/v2\/categories?post=66959"},{"taxonomy":"post_tag","embeddable":true,"href":"https:\/\/rdnews.al\/index.php\/wp-json\/wp\/v2\/tags?post=66959"}],"curies":[{"name":"wp","href":"https:\/\/api.w.org\/{rel}","templated":true}]}}