{"id":66965,"date":"2023-12-21T09:29:16","date_gmt":"2023-12-21T09:29:16","guid":{"rendered":"https:\/\/rdnews.al\/?p=66965"},"modified":"2023-12-21T09:29:16","modified_gmt":"2023-12-21T09:29:16","slug":"berisha-vendimi-antikushtetues-i-narkoparlamentit-do-mobilizoje-opoziten-ne-shkallen-me-te-larte","status":"publish","type":"post","link":"https:\/\/rdnews.al\/index.php\/2023\/12\/21\/berisha-vendimi-antikushtetues-i-narkoparlamentit-do-mobilizoje-opoziten-ne-shkallen-me-te-larte\/","title":{"rendered":"Berisha: Vendimi antikushtetues i Narkoparlamentit do mobilizoj\u00eb opozit\u00ebn n\u00eb shkall\u00ebn m\u00eb t\u00eb lart\u00eb!"},"content":{"rendered":"<p>Kryetari i PD, Sali Berisha, n\u00eb nj\u00eb deklarat\u00eb p\u00ebr mediat jsht\u00eb sall\u00ebs s\u00eb Kuvendit tha se, ky vendim i paligjsh\u00ebm jo vet\u00ebm q\u00eb nuk mund t\u00eb realizoj\u00eb q\u00ebllimet, shkat\u00ebrrimin e opozit\u00ebs, por do mobilizoj\u00eb opozit\u00ebn n\u00eb shkall\u00ebn m\u00eb t\u00eb lart\u00eb!<br \/>\n\u201cSot, narkoparlamenti n\u00eb nj\u00eb akt antikushtetues, antidemokratik, votoi n\u00eb kund\u00ebrshtim me \u00e7do procedur\u00eb kushtetuese, n\u00eb kund\u00ebrshtim me ccdo procedur\u00eb ligjore, p\u00ebr heqjen e imunitetit dhe arrestimin tim.<br \/>\nN\u00eb nj\u00eb m\u00ebnyr\u00eb apo n\u00eb nj\u00eb tjet\u00ebr, parlamenti sot vazhdoi vepr\u00ebn q\u00eb d\u00ebshtoi me dat\u00ebn 9 shtator, dy vite m\u00eb par\u00eb.<br \/>\nPor n\u00eb qoft\u00eb se d\u00ebshtoi me 9 shtator, ju garantoj se sot do jet\u00eb m\u00eb i d\u00ebshtuar se kurr\u00eb, se ky vendim jo q\u00eb nuk mund t\u00eb realizoj\u00eb q\u00ebllimet, shkat\u00ebrrimin e opozit\u00ebs, por ky vendim do mobilizoj\u00eb opozit\u00ebn n\u00eb shkall\u00ebn m\u00eb t\u00eb lart\u00eb, dhe n\u00ebn moton: o sot o kurr\u00eb, do i jap\u00eb p\u00ebrgjigjen m\u00eb t\u00eb merituar k\u00ebtij regjimi.<br \/>\nAjo q\u00eb mund t\u00eb them se nga dita e sotme \u00ebsht\u00eb se parlamenti nga klandestiniteti, p\u00ebrfundoi n\u00eb parlamentin e vrim\u00ebs s\u00eb miut.<br \/>\nEdi Rama u fut sot jo nga dyert zyrtare, nga dyert zyrtare t\u00eb parlamentit, por nga tunelet q\u00eb lidhin parlamentin me zyr\u00ebn e Sk\u00ebnder Gjinushit.<br \/>\nPra, u fut nga vrima e miut n\u00eb parlament.<br \/>\nBeteja e nisur vazhdon fuqish\u00ebm si kurr\u00eb m\u00eb par\u00eb dhe e garantoj se kjo opozit\u00eb do q\u00ebndroj\u00eb e pamposhtur n\u00eb mbrojtjen e idealeve demokratike t\u00eb saj\u201d, tha Berisha.<\/p>\n","protected":false},"excerpt":{"rendered":"<p>Kryetari i PD, Sali Berisha, n\u00eb nj\u00eb deklarat\u00eb p\u00ebr mediat jsht\u00eb sall\u00ebs s\u00eb Kuvendit tha se, ky vendim i paligjsh\u00ebm jo vet\u00ebm q\u00eb nuk mund t\u00eb realizoj\u00eb q\u00ebllimet, shkat\u00ebrrimin e opozit\u00ebs, por do mobilizoj\u00eb opozit\u00ebn n\u00eb shkall\u00ebn m\u00eb t\u00eb lart\u00eb! \u201cSot, narkoparlamenti n\u00eb nj\u00eb akt antikushtetues, antidemokratik, votoi n\u00eb kund\u00ebrshtim me \u00e7do procedur\u00eb kushtetuese, n\u00eb &hellip;<\/p>\n","protected":false},"author":4,"featured_media":0,"comment_status":"closed","ping_status":"closed","sticky":false,"template":"","format":"standard","meta":{"footnotes":""},"categories":[37],"tags":[],"class_list":["post-66965","post","type-post","status-publish","format-standard","","category-politike"],"_links":{"self":[{"href":"https:\/\/rdnews.al\/index.php\/wp-json\/wp\/v2\/posts\/66965","targetHints":{"allow":["GET"]}}],"collection":[{"href":"https:\/\/rdnews.al\/index.php\/wp-json\/wp\/v2\/posts"}],"about":[{"href":"https:\/\/rdnews.al\/index.php\/wp-json\/wp\/v2\/types\/post"}],"author":[{"embeddable":true,"href":"https:\/\/rdnews.al\/index.php\/wp-json\/wp\/v2\/users\/4"}],"replies":[{"embeddable":true,"href":"https:\/\/rdnews.al\/index.php\/wp-json\/wp\/v2\/comments?post=66965"}],"version-history":[{"count":0,"href":"https:\/\/rdnews.al\/index.php\/wp-json\/wp\/v2\/posts\/66965\/revisions"}],"wp:attachment":[{"href":"https:\/\/rdnews.al\/index.php\/wp-json\/wp\/v2\/media?parent=66965"}],"wp:term":[{"taxonomy":"category","embeddable":true,"href":"https:\/\/rdnews.al\/index.php\/wp-json\/wp\/v2\/categories?post=66965"},{"taxonomy":"post_tag","embeddable":true,"href":"https:\/\/rdnews.al\/index.php\/wp-json\/wp\/v2\/tags?post=66965"}],"curies":[{"name":"wp","href":"https:\/\/api.w.org\/{rel}","templated":true}]}}