{"id":66968,"date":"2023-12-21T09:37:02","date_gmt":"2023-12-21T09:37:02","guid":{"rendered":"https:\/\/rdnews.al\/?p=66968"},"modified":"2023-12-21T09:37:02","modified_gmt":"2023-12-21T09:37:02","slug":"berisha-nga-protesta-rrezimi-i-rames-nga-pushteti-eshte-misioni-yne-i-shenjte","status":"publish","type":"post","link":"https:\/\/rdnews.al\/index.php\/2023\/12\/21\/berisha-nga-protesta-rrezimi-i-rames-nga-pushteti-eshte-misioni-yne-i-shenjte\/","title":{"rendered":"Berisha nga protesta: Rr\u00ebzimi i Ram\u00ebs nga pushteti \u00ebsht\u00eb misioni yn\u00eb i shenjt\u00eb!\u00a0"},"content":{"rendered":"<p>Kryetari i PD, Sali Berisha tha nga protesta para Kuvendit se, rr\u00ebzimi i Ram\u00ebs nga pushteti \u00ebsht\u00eb misioni yn\u00eb i shenjt\u00eb! Berisha tha se, opozita i kalli tmerrin regjimit.<br \/>\n\u201cJu keni l\u00ebn\u00eb \u00e7do gj\u00eb dhe jeni grumbulluar sot k\u00ebtu, n\u00eb nj\u00eb moment n\u00eb t\u00eb cilin bandat dhe krimi i p\u00ebrfaq\u00ebsuar nga Edi Rama, Taulant Balla, deputet\u00eb dhe qeveritar\u00eb delinkuent\u00eb, menduan se do shp\u00ebtojn\u00eb duke hequr imunitetin e Sali Berish\u00ebs dhe autorizuar bandat e tyre p\u00ebr arrestimin e tij.<br \/>\nKjo \u00ebsht\u00eb nj\u00eb p\u00ebrpjekje q\u00eb d\u00ebshmon tmerrin q\u00eb kan\u00eb ata sot nga ju, tmerrin q\u00eb kan\u00eb nga opozita e v\u00ebrtet\u00eb, tmerrin q\u00eb p\u00ebrjetojn\u00eb sepse d\u00ebshtuan n\u00eb sip\u00ebrmarrjen e tyre m\u00eb kriminale n\u00eb historin\u00eb e demokracis\u00eb, sip\u00ebrmarrjen e krijimit t\u00eb opozit\u00ebs fasad\u00eb, sip\u00ebrmarrjen e realizimit t\u00eb \u00ebndrr\u00ebs s\u00eb Edi Ram\u00ebs p\u00ebr nj\u00eb narkoshtet pa opozit\u00eb, p\u00ebr nj\u00eb paqe n\u00eb qeverisjen e tij, t\u00eb nj\u00ebjt\u00eb me at\u00eb q\u00eb kishin et\u00ebrit e tij barbar\u00eb.<br \/>\nPor si\u00e7 tregoi historia e k\u00ebtyre dy viteve, opozita shqiptare rezistoi, u ngrit mbi t\u00eb gjitha pushtetet e krimit n\u00eb Shqip\u00ebri, u ngrit mbi t\u00eb gjith\u00eb agresionin e mafies nd\u00ebrkomb\u00ebtare q\u00eb do nj\u00eb Shqip\u00ebri moniste, protektorat t\u00eb krimit, drog\u00ebs dhe narkoshtetit.<br \/>\nU ngrit jasht\u00eb \u00e7do parashikimi dhe i kalli tmerrin regjimit t\u00eb krimit n\u00eb Tiran\u00eb.<br \/>\nNdaj dhe ata, n\u00eb nj\u00eb p\u00ebrpjekje fund e krye antiligjore, n\u00eb nj\u00eb p\u00ebrpjekje fund e krye antikushtetuese, n\u00eb nj\u00eb p\u00ebrpjekje t\u00eb bazuar n\u00eb shpifjen, trillimin, manipulimin e mij\u00ebra e mij\u00ebra dokumenteve zyrtare, mendoi se duke vepruar n\u00eb k\u00ebt\u00eb m\u00ebnyr\u00eb si sot, do mund t\u00eb bjer\u00eb n\u00eb qet\u00ebsi.<br \/>\nUn\u00eb kam bindjen se kjo dit\u00eb do jet\u00eb nj\u00eb dit\u00eb frym\u00ebzimi p\u00ebr t\u00eb gjith\u00eb ju, p\u00ebr t\u00eb gjith\u00eb shqiptar\u00ebt, nj\u00eb dit\u00eb q\u00eb do u rikujtoj\u00eb atyre se misioni i tyre kryesor \u00ebsht\u00eb o sot o kurr\u00eb, t\u00eb p\u00ebrmbysim narkodiktatur\u00ebn, regjimin e krimit, drog\u00ebs dhe vjedhjes s\u00eb shqiptar\u00ebve.<br \/>\nJu jeni d\u00ebshmitar\u00eb se prej muajsh ne kemi denoncuar me fakte, me dokumente dhunimin e tmerrsh\u00ebm t\u00eb zgjedhjeve.<br \/>\nNe e kemi b\u00ebr\u00eb at\u00eb para t\u00eb gjithash q\u00eb shqiptar\u00ebt t\u00eb mos mendojn\u00eb m\u00eb kurr\u00eb se me Edi Ram\u00ebn mund t\u00eb ken\u00eb zgjedhje.<br \/>\nNe e kemi b\u00ebr\u00eb at\u00eb n\u00eb p\u00ebrputhje me vendimin ton\u00eb se do mbrojm\u00eb vot\u00ebn e shqiptar\u00ebve.<br \/>\nNe e nxor\u00ebm n\u00eb pah para shqiptar\u00ebve dhe bot\u00ebs, sh\u00ebmtin\u00eb e madhe, bat\u00ebrdin\u00eb q\u00eb Edi Rama b\u00ebri me vot\u00ebn e k\u00ebtij vendi.<br \/>\nQ\u00ebllimi yn\u00eb madhor ishte dhe mbetet, me Edi Ram\u00ebn nuk ka zgjedhje, rr\u00ebzimi i tij nga pushteti \u00ebsht\u00eb misioni yn\u00eb i shenjt\u00eb. Votimi i lir\u00eb i shqiptar\u00ebve \u00ebsht\u00eb q\u00ebllimi yn\u00eb m\u00eb madhor\u201d, tha Berisha.<\/p>\n","protected":false},"excerpt":{"rendered":"<p>Kryetari i PD, Sali Berisha tha nga protesta para Kuvendit se, rr\u00ebzimi i Ram\u00ebs nga pushteti \u00ebsht\u00eb misioni yn\u00eb i shenjt\u00eb! Berisha tha se, opozita i kalli tmerrin regjimit. \u201cJu keni l\u00ebn\u00eb \u00e7do gj\u00eb dhe jeni grumbulluar sot k\u00ebtu, n\u00eb nj\u00eb moment n\u00eb t\u00eb cilin bandat dhe krimi i p\u00ebrfaq\u00ebsuar nga Edi Rama, Taulant Balla, &hellip;<\/p>\n","protected":false},"author":4,"featured_media":66969,"comment_status":"closed","ping_status":"closed","sticky":false,"template":"","format":"standard","meta":{"footnotes":""},"categories":[37],"tags":[],"class_list":["post-66968","post","type-post","status-publish","format-standard","has-post-thumbnail","","category-politike"],"_links":{"self":[{"href":"https:\/\/rdnews.al\/index.php\/wp-json\/wp\/v2\/posts\/66968","targetHints":{"allow":["GET"]}}],"collection":[{"href":"https:\/\/rdnews.al\/index.php\/wp-json\/wp\/v2\/posts"}],"about":[{"href":"https:\/\/rdnews.al\/index.php\/wp-json\/wp\/v2\/types\/post"}],"author":[{"embeddable":true,"href":"https:\/\/rdnews.al\/index.php\/wp-json\/wp\/v2\/users\/4"}],"replies":[{"embeddable":true,"href":"https:\/\/rdnews.al\/index.php\/wp-json\/wp\/v2\/comments?post=66968"}],"version-history":[{"count":0,"href":"https:\/\/rdnews.al\/index.php\/wp-json\/wp\/v2\/posts\/66968\/revisions"}],"wp:featuredmedia":[{"embeddable":true,"href":"https:\/\/rdnews.al\/index.php\/wp-json\/wp\/v2\/media\/66969"}],"wp:attachment":[{"href":"https:\/\/rdnews.al\/index.php\/wp-json\/wp\/v2\/media?parent=66968"}],"wp:term":[{"taxonomy":"category","embeddable":true,"href":"https:\/\/rdnews.al\/index.php\/wp-json\/wp\/v2\/categories?post=66968"},{"taxonomy":"post_tag","embeddable":true,"href":"https:\/\/rdnews.al\/index.php\/wp-json\/wp\/v2\/tags?post=66968"}],"curies":[{"name":"wp","href":"https:\/\/api.w.org\/{rel}","templated":true}]}}