{"id":67017,"date":"2023-12-21T14:07:23","date_gmt":"2023-12-21T14:07:23","guid":{"rendered":"https:\/\/rdnews.al\/?p=67017"},"modified":"2023-12-21T14:07:23","modified_gmt":"2023-12-21T14:07:23","slug":"meta-me-goditjen-e-berishes-synohet-asgjesimi-i-opozites-dhe-pluralizmit","status":"publish","type":"post","link":"https:\/\/rdnews.al\/index.php\/2023\/12\/21\/meta-me-goditjen-e-berishes-synohet-asgjesimi-i-opozites-dhe-pluralizmit\/","title":{"rendered":"Meta: Me goditjen e Berish\u00ebs synohet asgjesimi i opozit\u00ebs dhe pluralizmit"},"content":{"rendered":"<p>Kryetari i Partis\u00eb s\u00eb Liris\u00eb, Ilir Meta, e ka d\u00ebnuar ashp\u00ebr vendimin e mazhoranc\u00ebs n\u00eb Kuvend sot p\u00ebr t\u2019i dh\u00ebn\u00eb autorizim, SPAK-ut, p\u00ebr heqjen e liris\u00eb, Kryetarit t\u00eb PD-s\u00eb, Sali Berish\u00ebs.<\/p>\n<p>Ilir Meta  tha n\u00eb nj\u00eb konferenc\u00eb p\u00ebr shtyp se &#8220;votimi i nj\u00ebansh\u00ebm i mazhoranc\u00ebs sot n\u00eb Kuvend p\u00ebr heqjen e imunitetit t\u00eb liderit t\u00eb Partis\u00eb Demokratike, z. Sali Berisha dhe dh\u00ebnia e autorizimit p\u00ebr arrestimin e tij, sh\u00ebnon nj\u00eb p\u00ebrshkall\u00ebzim t\u00eb ri t\u00eb p\u00ebrpjekjeve qe qeveris\u00eb p\u00ebr asgj\u00ebsimin e opozit\u00ebs dhe t\u00eb pluralizmit politik n\u00eb vend.<\/p>\n<p>Kreu i Partis\u00eb s\u00eb Liris\u00eb, Ilir Meta u shpreh kund\u00ebr heqjes s\u00eb imunitetit t\u00eb ish-kryeministrit Sali Berisha. Gjat\u00eb nj\u00eb konference p\u00ebr shtyp, Meta tha se jan\u00eb p\u00ebrdorur standarde t\u00eb ndryshme.<\/p>\n<p>\u201cJan\u00eb aplikuar standarde t\u00eb dyfishta n\u00eb rastin e zt.Berisha. Ai \u00ebsht\u00eb lider i forc\u00ebs kryesore opozitare apo ish-deputet\u00ebve t\u00eb mazhoranc\u00ebs. K\u00ebto jan\u00eb t\u00eb qarta. Sa m\u00eb p\u00ebrket mua, nuk kam asnj\u00eb shqet\u00ebsim t\u00eb till\u00eb. Sa i p\u00ebrket mitit t\u00eb t\u00eb paprekshm\u00ebve, mendoj se \u00ebsht\u00eb nj\u00eb p\u00ebrrall\u00eb.<\/p>\n<p>Patjet\u00ebr q\u00eb \u00ebsht\u00eb nj\u00eb zyrtar shum\u00eb i lart\u00eb, por nuk \u00ebsht\u00eb nj\u00eb kryeminist\u00ebr apo president n\u00eb detyr\u00eb dhe n\u00eb qoft\u00eb se flasim p\u00ebr paprekshm\u00ebri, ne shohim q\u00eb nga nj\u00eb an\u00eb ne kemi nj\u00eb p\u00ebrshkall\u00ebzim t\u00eb masave t\u00eb siguris\u00eb p\u00ebr nj\u00eb \u00e7\u00ebshtje q\u00eb \u00ebsht\u00eb kontestuar dhe nd\u00ebrkoh\u00eb kemi firmat e kryetarit t\u00eb bashkis\u00eb q\u00eb ka rr\u00ebmbyer firmat e k\u00ebshilltar\u00ebve t\u00eb Bashkis\u00eb s\u00eb Tiran\u00ebs. Kemi firma t\u00eb kryeministrit aktual q\u00eb nuk i p\u00ebrmendet askund emri dhe q\u00eb p\u00ebrb\u00ebjn\u00eb d\u00ebme kolosale\u201d, tha Meta.<\/p>\n<p>Meta u shpreh se \u00ebsht\u00eb dakord me protestat e opozit\u00ebs. \u201cK\u00ebrkesat e opozit\u00ebs jan\u00eb domosdoshm\u00ebri p\u00ebr rikthimin e normalitetit n\u00eb vend. Nd\u00ebrkoh\u00eb q\u00eb po b\u00ebhen hapa mbrapa\u201d, shtoi ai.<\/p>\n","protected":false},"excerpt":{"rendered":"<p>Kryetari i Partis\u00eb s\u00eb Liris\u00eb, Ilir Meta, e ka d\u00ebnuar ashp\u00ebr vendimin e mazhoranc\u00ebs n\u00eb Kuvend sot p\u00ebr t\u2019i dh\u00ebn\u00eb autorizim, SPAK-ut, p\u00ebr heqjen e liris\u00eb, Kryetarit t\u00eb PD-s\u00eb, Sali Berish\u00ebs. Ilir Meta tha n\u00eb nj\u00eb konferenc\u00eb p\u00ebr shtyp se &#8220;votimi i nj\u00ebansh\u00ebm i mazhoranc\u00ebs sot n\u00eb Kuvend p\u00ebr heqjen e imunitetit t\u00eb liderit t\u00eb &hellip;<\/p>\n","protected":false},"author":4,"featured_media":67018,"comment_status":"closed","ping_status":"closed","sticky":false,"template":"","format":"standard","meta":{"footnotes":""},"categories":[37],"tags":[],"class_list":["post-67017","post","type-post","status-publish","format-standard","has-post-thumbnail","","category-politike"],"_links":{"self":[{"href":"https:\/\/rdnews.al\/index.php\/wp-json\/wp\/v2\/posts\/67017","targetHints":{"allow":["GET"]}}],"collection":[{"href":"https:\/\/rdnews.al\/index.php\/wp-json\/wp\/v2\/posts"}],"about":[{"href":"https:\/\/rdnews.al\/index.php\/wp-json\/wp\/v2\/types\/post"}],"author":[{"embeddable":true,"href":"https:\/\/rdnews.al\/index.php\/wp-json\/wp\/v2\/users\/4"}],"replies":[{"embeddable":true,"href":"https:\/\/rdnews.al\/index.php\/wp-json\/wp\/v2\/comments?post=67017"}],"version-history":[{"count":0,"href":"https:\/\/rdnews.al\/index.php\/wp-json\/wp\/v2\/posts\/67017\/revisions"}],"wp:featuredmedia":[{"embeddable":true,"href":"https:\/\/rdnews.al\/index.php\/wp-json\/wp\/v2\/media\/67018"}],"wp:attachment":[{"href":"https:\/\/rdnews.al\/index.php\/wp-json\/wp\/v2\/media?parent=67017"}],"wp:term":[{"taxonomy":"category","embeddable":true,"href":"https:\/\/rdnews.al\/index.php\/wp-json\/wp\/v2\/categories?post=67017"},{"taxonomy":"post_tag","embeddable":true,"href":"https:\/\/rdnews.al\/index.php\/wp-json\/wp\/v2\/tags?post=67017"}],"curies":[{"name":"wp","href":"https:\/\/api.w.org\/{rel}","templated":true}]}}