{"id":67020,"date":"2023-12-21T14:10:51","date_gmt":"2023-12-21T14:10:51","guid":{"rendered":"https:\/\/rdnews.al\/?p=67020"},"modified":"2023-12-21T14:10:51","modified_gmt":"2023-12-21T14:10:51","slug":"meta-arrestimet-e-spak-me-urdher-te-rames","status":"publish","type":"post","link":"https:\/\/rdnews.al\/index.php\/2023\/12\/21\/meta-arrestimet-e-spak-me-urdher-te-rames\/","title":{"rendered":"Meta: Arrestimet e SPAK me urdh\u00ebr t\u00eb Ram\u00ebs"},"content":{"rendered":"<p>Kryetari i PL, Ilir Meta, u pyet sot nga mediat n\u00ebse mendon se sot opozita \u00ebsht\u00eb m\u00eb e dob\u00ebt dhe pavar\u00ebsisht se ai deklaroi se nuk \u00ebsht\u00eb i shqet\u00ebsuar p\u00ebr pozicionin e tij p\u00ebrball\u00eb SPAK-ut, a mund t\u00eb thuhet se kush e ka radh\u00ebn, duke iu referuar q\u00ebndrimit se SPAK vepron me porosi politike?<\/p>\n<p>Dhe Ilir Meta u p\u00ebrgjigj: Pa asnj\u00eb diskutim q\u00eb porosit\u00eb jan\u00eb dh\u00ebn\u00eb dhe jepen nga kongreset e partis\u00eb. Ato porosi jan\u00eb publike, jan\u00eb t\u00eb qarta dhe p\u00ebrpjekje p\u00ebr t\u00eb krijuar nj\u00eb iluzion sikur po goditen t\u00eb dyja pal\u00ebt \u00ebsht\u00eb edhe kjo nj\u00eb regji e Edi Ram\u00ebs sepse edhe n\u00eb koh\u00ebn e komunizimit, goditeshin ministra, zv.kryeministra, kryeministra, por kjo nuk b\u00ebnte gj\u00eb tjet\u00ebr ve\u00e7se i sh\u00ebrbente regjimit.<\/p>\n<p>Edhe sakrifikimet e personave t\u00eb caktuar nuk jan\u00eb gj\u00eb tjet\u00ebr ve\u00e7se nj\u00eb regji p\u00ebr t\u00eb vazhduar t\u00eb gjitha aferat q\u00eb vazhdojn\u00eb, me incenerator\u00eb, me sterilizime, me gjith\u00e7ka dhe dihet q\u00eb p\u00ebrfituesi kryesor n\u00eb t\u00eb gjith\u00eb k\u00ebt\u00eb histori aferash padyshim q\u00eb \u00ebsht\u00eb Edi Rama.&#8221;<\/p>\n","protected":false},"excerpt":{"rendered":"<p>Kryetari i PL, Ilir Meta, u pyet sot nga mediat n\u00ebse mendon se sot opozita \u00ebsht\u00eb m\u00eb e dob\u00ebt dhe pavar\u00ebsisht se ai deklaroi se nuk \u00ebsht\u00eb i shqet\u00ebsuar p\u00ebr pozicionin e tij p\u00ebrball\u00eb SPAK-ut, a mund t\u00eb thuhet se kush e ka radh\u00ebn, duke iu referuar q\u00ebndrimit se SPAK vepron me porosi politike? Dhe &hellip;<\/p>\n","protected":false},"author":4,"featured_media":0,"comment_status":"closed","ping_status":"closed","sticky":false,"template":"","format":"standard","meta":{"footnotes":""},"categories":[37],"tags":[],"class_list":["post-67020","post","type-post","status-publish","format-standard","","category-politike"],"_links":{"self":[{"href":"https:\/\/rdnews.al\/index.php\/wp-json\/wp\/v2\/posts\/67020","targetHints":{"allow":["GET"]}}],"collection":[{"href":"https:\/\/rdnews.al\/index.php\/wp-json\/wp\/v2\/posts"}],"about":[{"href":"https:\/\/rdnews.al\/index.php\/wp-json\/wp\/v2\/types\/post"}],"author":[{"embeddable":true,"href":"https:\/\/rdnews.al\/index.php\/wp-json\/wp\/v2\/users\/4"}],"replies":[{"embeddable":true,"href":"https:\/\/rdnews.al\/index.php\/wp-json\/wp\/v2\/comments?post=67020"}],"version-history":[{"count":0,"href":"https:\/\/rdnews.al\/index.php\/wp-json\/wp\/v2\/posts\/67020\/revisions"}],"wp:attachment":[{"href":"https:\/\/rdnews.al\/index.php\/wp-json\/wp\/v2\/media?parent=67020"}],"wp:term":[{"taxonomy":"category","embeddable":true,"href":"https:\/\/rdnews.al\/index.php\/wp-json\/wp\/v2\/categories?post=67020"},{"taxonomy":"post_tag","embeddable":true,"href":"https:\/\/rdnews.al\/index.php\/wp-json\/wp\/v2\/tags?post=67020"}],"curies":[{"name":"wp","href":"https:\/\/api.w.org\/{rel}","templated":true}]}}