{"id":67027,"date":"2023-12-21T17:35:37","date_gmt":"2023-12-21T17:35:37","guid":{"rendered":"https:\/\/rdnews.al\/?p=67027"},"modified":"2023-12-21T17:35:37","modified_gmt":"2023-12-21T17:35:37","slug":"boci-shqiperia-ne-diktature-rama-po-burgos-berishen-per-te-eleminuar-opoziten","status":"publish","type":"post","link":"https:\/\/rdnews.al\/index.php\/2023\/12\/21\/boci-shqiperia-ne-diktature-rama-po-burgos-berishen-per-te-eleminuar-opoziten\/","title":{"rendered":"Bo\u00e7i: Shqip\u00ebria n\u00eb diktatur\u00eb! Rama po burgos Berish\u00ebn p\u00ebr t\u00eb eleminuar opozit\u00ebn"},"content":{"rendered":"<p>I ftuar n\u00eb edicionin e pasdites n\u00eb SYRI TV me moderatorin Edvin Parruca ishte n\u00ebnkryetari i PD, Lu\u00e7iano Bo\u00e7i. Bo\u00e7i \u00ebsht\u00eb shprehur se sot Shqip\u00ebria ka kaluar nga nj\u00eb vend demokratik me aspirata evropiane n\u00eb nj\u00eb diktatur\u00eb e cila ka si q\u00ebllim eliminimin e opozit\u00ebs.<\/p>\n<p>\u201cNuk kishte surpriza, pritej q\u00eb kuvendi ta jepte autorizimin, dhe madje disa mezi e kan\u00eb pritur k\u00ebt\u00eb dit\u00eb q\u00eb t\u00eb realizonin hakmarrjen politike q\u00eb e kan\u00eb akumuluar prej vitesh dhe sot u erdhi dita.<\/p>\n<p>Shqip\u00ebria ka mbyllur kapitullin s\u00eb qeni nj\u00eb shtet demokratik, evropian dhe tani futet n\u00eb list\u00ebn e atyre vendeve q\u00eb kan\u00eb treg t\u00eb lir\u00eb por jan\u00eb diktatoriale si ato vendet aziatike, edhe pse kemi nj\u00eb aspirat\u00eb t\u00eb madhe evropiane.<\/p>\n<p>Pjesa tjet\u00ebr q\u00eb shoh \u00ebsht\u00eb nj\u00eb lloj revanshi q\u00eb shoh nga pasardh\u00ebsit e atyre q\u00eb u rr\u00ebzuan n\u00eb vitet 90 dhe k\u00ebrkojn\u00eb q\u00eb ta fshijn\u00eb at\u00eb histori me k\u00ebto veprime ndaj opozit\u00ebs dhe deputet\u00ebve. T\u00eb gjith\u00eb regjimet q\u00eb fillojn\u00eb e instalohen, instalohen n\u00eb heshtje prit\u00ebse dhe t\u00eb gjitha regjimet kan\u00eb frik\u00eb nga opozita e krimet m\u00eb t\u00eb madha i b\u00ebjn\u00eb n\u00eb em\u00ebr t\u00eb s\u00eb drejt\u00ebs.<\/p>\n<p>Futja e Berish\u00ebs n\u00eb nj\u00eb kufizim lirie p\u00ebr t\u00eb goditur m\u00eb shum\u00eb at\u00eb ka nj\u00eb p\u00ebrs\u00ebritje t\u00eb atyre ngjarejve q\u00eb e d\u00ebrgojn\u00eb vendin drejt\u00eb diktatur\u00ebs\u201d, tha Bo\u00e7i.<\/p>\n","protected":false},"excerpt":{"rendered":"<p>I ftuar n\u00eb edicionin e pasdites n\u00eb SYRI TV me moderatorin Edvin Parruca ishte n\u00ebnkryetari i PD, Lu\u00e7iano Bo\u00e7i. Bo\u00e7i \u00ebsht\u00eb shprehur se sot Shqip\u00ebria ka kaluar nga nj\u00eb vend demokratik me aspirata evropiane n\u00eb nj\u00eb diktatur\u00eb e cila ka si q\u00ebllim eliminimin e opozit\u00ebs. \u201cNuk kishte surpriza, pritej q\u00eb kuvendi ta jepte autorizimin, dhe &hellip;<\/p>\n","protected":false},"author":4,"featured_media":51334,"comment_status":"closed","ping_status":"closed","sticky":false,"template":"","format":"standard","meta":{"footnotes":""},"categories":[37],"tags":[],"class_list":["post-67027","post","type-post","status-publish","format-standard","has-post-thumbnail","","category-politike"],"_links":{"self":[{"href":"https:\/\/rdnews.al\/index.php\/wp-json\/wp\/v2\/posts\/67027","targetHints":{"allow":["GET"]}}],"collection":[{"href":"https:\/\/rdnews.al\/index.php\/wp-json\/wp\/v2\/posts"}],"about":[{"href":"https:\/\/rdnews.al\/index.php\/wp-json\/wp\/v2\/types\/post"}],"author":[{"embeddable":true,"href":"https:\/\/rdnews.al\/index.php\/wp-json\/wp\/v2\/users\/4"}],"replies":[{"embeddable":true,"href":"https:\/\/rdnews.al\/index.php\/wp-json\/wp\/v2\/comments?post=67027"}],"version-history":[{"count":0,"href":"https:\/\/rdnews.al\/index.php\/wp-json\/wp\/v2\/posts\/67027\/revisions"}],"wp:featuredmedia":[{"embeddable":true,"href":"https:\/\/rdnews.al\/index.php\/wp-json\/wp\/v2\/media\/51334"}],"wp:attachment":[{"href":"https:\/\/rdnews.al\/index.php\/wp-json\/wp\/v2\/media?parent=67027"}],"wp:term":[{"taxonomy":"category","embeddable":true,"href":"https:\/\/rdnews.al\/index.php\/wp-json\/wp\/v2\/categories?post=67027"},{"taxonomy":"post_tag","embeddable":true,"href":"https:\/\/rdnews.al\/index.php\/wp-json\/wp\/v2\/tags?post=67027"}],"curies":[{"name":"wp","href":"https:\/\/api.w.org\/{rel}","templated":true}]}}