{"id":67066,"date":"2023-12-21T19:30:11","date_gmt":"2023-12-21T19:30:11","guid":{"rendered":"https:\/\/rdnews.al\/?p=67066"},"modified":"2023-12-21T19:30:11","modified_gmt":"2023-12-21T19:30:11","slug":"media-greke-rama-terhiqet-nga-beleri","status":"publish","type":"post","link":"https:\/\/rdnews.al\/index.php\/2023\/12\/21\/media-greke-rama-terhiqet-nga-beleri\/","title":{"rendered":"Media greke: Rama t\u00ebrhiqet nga Beleri"},"content":{"rendered":"<p>N\u00eb nj\u00eb analiz\u00eb t\u00eb detajuar t\u00eb postimit t\u00eb kryeministrit Edi Rama, media greke \u201cTo Vima\u201d thekson se sipas kreut t\u00eb qeveris\u00eb shqiptare, Fredi Beleri mbetet kryebashkiak i Himar\u00ebs dhe se vet\u00ebm gjykata do t\u00eb vendos\u00eb n\u00ebse do t\u00eb marr\u00eb detyr\u00ebn apo jo.<\/p>\n<p>\u201cTo Vima\u201d analizon 3 pikat e postimit t\u00eb Ram\u00ebs n\u00eb rrjetin social X, duke theksuar se kryeministri shprehet se vet\u00ebm gjykata mund t\u00eb lejoj\u00eb betimin e Belerit si kryebashkiak i Himar\u00ebs.<\/p>\n<p>Mjaft\u00a0<a href=\"https:\/\/www.cnn.gr\/kosmos\/story\/397530\/thetiki-ekseliksi-gia-beleri-o-rama-ton-anagnorise-os-eklegmeno-dimarxo-xeimarras?utm_source=notification&amp;utm_medium=push&amp;utm_campaign=breaking\" target=\"_blank\" rel=\"noopener\">media greke<\/a>\u00a0referohen n\u00eb postimin e kryeministrit shqiptar gradualisht duke e konsideruar si nj\u00eb hap pozitiv n\u00eb \u00e7\u00ebshtjen Beleri faktin q\u00eb Rama i referohet Belerit si \u201ckryebashkiak i zgjedhur\u201d.<\/p>\n<p>N\u00eb nj\u00eb postim n\u00eb rrjetet sociale, kryeministri Rama shkroi se \u201cpas leximit t\u00eb vendimit t\u00eb arsyetuar t\u00eb Gjykat\u00ebs s\u00eb Posa\u00e7me p\u00ebr Korrupsionin dhe Krimin e Organizuar p\u00ebr refuzimin e lejes s\u00eb betimit t\u00eb kryetarit t\u00eb zgjedhur t\u00eb Himar\u00ebs\u201d ai e vler\u00ebson t\u00eb r\u00ebnd\u00ebsishme t\u00eb evidentoj\u00eb tre pika: \u201cMos lejimi i betimit n\u00eb kushtet e paraburgimit nga Drejtoria e P\u00ebrgjithshme e Burgjeve \u00ebsht\u00eb n\u00eb fund t\u00eb fundit nj\u00eb q\u00ebndrim ligj\u00ebrisht korrekt. Po k\u00ebshtu, refuzimi i k\u00ebrkes\u00ebs nga Gjykata \u00ebsht\u00eb i formuluar qart\u00eb dhe leht\u00ebsisht i kuptuesh\u00ebm\u201d.<\/p>\n<p>From the reading of the reasoned decision of the special Court on Corruption and Organized Crime regarding the denial of the swearing-in permit for the elected mayor of Himara, I find it important to publicly highlight the following:<\/p>\n<ol>\n<li>The denial of the swearing-in permit under\u2026<\/li>\n<\/ol>\n<p>\u2014 Edi Rama (@ediramaal)\u00a0<a href=\"https:\/\/twitter.com\/ediramaal\/status\/1737841992259027271?ref_src=twsrc%5Etfw\" target=\"_blank\" rel=\"noopener\">December 21, 2023<\/a><\/p>\n<p>Ai theksoi gjithashtu se Beleri mbetet kryetar i zgjedhur i Himar\u00ebs deri n\u00eb p\u00ebrfundimin e gjyqit dhe se vet\u00ebm vendimi zyrtar do t\u00eb p\u00ebrcaktoj\u00eb aft\u00ebsin\u00eb e tij p\u00ebr t\u00eb b\u00ebr\u00eb betimin n\u00eb rast t\u00eb pafaj\u00ebsis\u00eb ose pamund\u00ebsin\u00eb e tij p\u00ebr t\u00eb vazhduar kryetar bashkie n\u00eb rast faj\u00ebsie.<\/p>\n<p>M\u00eb tej, kryeministri thekson se \u201creferenca gjyq\u00ebsore p\u00ebr ng\u00ebr\u00e7in e shkaktuar nga vazhdimi i p\u00ebrkohsh\u00ebm i detyrave t\u00eb kandidatit t\u00eb mundur, nd\u00ebrkoh\u00eb q\u00eb kryetari i zgjedhur mbetet n\u00eb paraburgim dhe kryetari i m\u00ebparsh\u00ebm nuk ka legjitimitet p\u00ebr t\u00eb udh\u00ebhequr bashkin\u00eb n\u00eb munges\u00eb t\u00eb fituesit, n\u00ebnvizon qart\u00eb nevoj\u00ebn e zgjidhjes s\u00eb k\u00ebtij ng\u00ebr\u00e7i p\u00ebrmes nd\u00ebrprerjes s\u00eb mandatit t\u00eb kandidatit t\u00eb mundur, bazuar n\u00eb praktikat m\u00eb t\u00eb mira europiane p\u00ebr sigurimin e sh\u00ebrbimeve publike n\u00eb Bashkin\u00eb e Himar\u00ebs\u201d.<\/p>\n<p>N\u00eb fund t\u00eb fundit, sipas Ram\u00ebs, vendimi i arsyetuar i gjykat\u00ebs \u00ebsht\u00eb nj\u00eb konfirmim ligjor pa m\u00ebdyshje i \u201c\u00e7\u00ebshtjes Beleri\u201d si \u00e7\u00ebshtje drejt\u00ebsie dhe jo politike apo n\u00eb asnj\u00eb m\u00ebnyr\u00eb e lidhur me pushtetin qendror. Gjithashtu, ai n\u00ebnvizon se arsyetimi i k\u00ebtij vendimi krijon nj\u00eb kusht pozitiv p\u00ebr p\u00ebrballimin e ng\u00ebr\u00e7it t\u00eb lartp\u00ebrmendur.<\/p>\n<p>Sipas \u201cTo Vima\u201d, nj\u00eb burim vuri n\u00eb dukje se arsyetimi i vendimit t\u00eb sot\u00ebm t\u00eb gjykat\u00ebs shqiptare konfirmon se Beleri \u00ebsht\u00eb zgjedhur kryetar i Bashkis\u00eb s\u00eb Himar\u00ebs dhe se kandidati i mundur Goro nuk mund t\u00eb vazhdoj\u00eb t\u00eb jet\u00eb kryetar bashkie.<\/p>\n","protected":false},"excerpt":{"rendered":"<p>N\u00eb nj\u00eb analiz\u00eb t\u00eb detajuar t\u00eb postimit t\u00eb kryeministrit Edi Rama, media greke \u201cTo Vima\u201d thekson se sipas kreut t\u00eb qeveris\u00eb shqiptare, Fredi Beleri mbetet kryebashkiak i Himar\u00ebs dhe se vet\u00ebm gjykata do t\u00eb vendos\u00eb n\u00ebse do t\u00eb marr\u00eb detyr\u00ebn apo jo. \u201cTo Vima\u201d analizon 3 pikat e postimit t\u00eb Ram\u00ebs n\u00eb rrjetin social X, &hellip;<\/p>\n","protected":false},"author":4,"featured_media":0,"comment_status":"closed","ping_status":"closed","sticky":false,"template":"","format":"standard","meta":{"footnotes":""},"categories":[37],"tags":[],"class_list":["post-67066","post","type-post","status-publish","format-standard","","category-politike"],"_links":{"self":[{"href":"https:\/\/rdnews.al\/index.php\/wp-json\/wp\/v2\/posts\/67066","targetHints":{"allow":["GET"]}}],"collection":[{"href":"https:\/\/rdnews.al\/index.php\/wp-json\/wp\/v2\/posts"}],"about":[{"href":"https:\/\/rdnews.al\/index.php\/wp-json\/wp\/v2\/types\/post"}],"author":[{"embeddable":true,"href":"https:\/\/rdnews.al\/index.php\/wp-json\/wp\/v2\/users\/4"}],"replies":[{"embeddable":true,"href":"https:\/\/rdnews.al\/index.php\/wp-json\/wp\/v2\/comments?post=67066"}],"version-history":[{"count":0,"href":"https:\/\/rdnews.al\/index.php\/wp-json\/wp\/v2\/posts\/67066\/revisions"}],"wp:attachment":[{"href":"https:\/\/rdnews.al\/index.php\/wp-json\/wp\/v2\/media?parent=67066"}],"wp:term":[{"taxonomy":"category","embeddable":true,"href":"https:\/\/rdnews.al\/index.php\/wp-json\/wp\/v2\/categories?post=67066"},{"taxonomy":"post_tag","embeddable":true,"href":"https:\/\/rdnews.al\/index.php\/wp-json\/wp\/v2\/tags?post=67066"}],"curies":[{"name":"wp","href":"https:\/\/api.w.org\/{rel}","templated":true}]}}