{"id":67069,"date":"2023-12-21T19:36:29","date_gmt":"2023-12-21T19:36:29","guid":{"rendered":"https:\/\/rdnews.al\/?p=67069"},"modified":"2023-12-21T19:36:29","modified_gmt":"2023-12-21T19:36:29","slug":"orban-demokracite-perendimore-po-shkaterrohen-nga-kapja-e-drejtesise-rasti-trump","status":"publish","type":"post","link":"https:\/\/rdnews.al\/index.php\/2023\/12\/21\/orban-demokracite-perendimore-po-shkaterrohen-nga-kapja-e-drejtesise-rasti-trump\/","title":{"rendered":"Orban: Demokracit\u00eb per\u00ebndimore po shkat\u00ebrrohen nga kapja e drejt\u00ebsis\u00eb, rasti Trump"},"content":{"rendered":"<p>Kryeministri hungarez Viktor Orban, ka th\u00ebn\u00eb se \u201cnj\u00eb lloj s\u00ebmundjeje\u201d \u00ebsht\u00eb duke shkat\u00ebrruar demokracit\u00eb per\u00ebndimore.<\/p>\n<p>Lideri nacionalist, i cili ka mospajtime t\u00eb shpeshta me Brukselin, p\u00ebr shkak t\u00eb \u00e7\u00ebshtjeve t\u00eb lidhura me sundim t\u00eb ligjit, ka th\u00ebn\u00eb se po sheh \u201cgj\u00ebra t\u00eb \u00e7uditshme n\u00eb bot\u00ebn demokratike\u201d.<\/p>\n<p>Gjat\u00eb adresimit t\u00eb tij vjetor, ai ka th\u00ebn\u00eb se \u201cdemokracit\u00eb po shkat\u00ebrrohen nga nj\u00eb s\u00ebmundje\u201d, por nuk ka p\u00ebrmendur ndonj\u00eb em\u00ebr n\u00eb m\u00ebnyr\u00eb specifike.<\/p>\n<p>\u201cNa duhet t\u00eb jemi t\u00eb v\u00ebmendsh\u00ebm, sepse \u00ebsht\u00eb nj\u00eb demokraci e madhe q\u00eb, n\u00ebse e kam kuptuar drejt, d\u00ebshiron t\u00eb bllokoj\u00eb nj\u00eb prej kandidat\u00ebve m\u00eb t\u00eb p\u00eblqyer p\u00ebr president, duke e ngarkuar me \u00e7\u00ebshtje ligjore, p\u00ebr t\u2019ia parandaluar gar\u00ebn\u201d, ka th\u00ebn\u00eb ai.<\/p>\n<p>T\u00eb mart\u00ebn, Gjykata Supreme n\u00eb Kolorado ka marr\u00eb vendim q\u00eb ish-presidenti amerikan, Donald Trump nuk \u00ebsht\u00eb i p\u00ebrshtatsh\u00ebm p\u00ebr t\u00eb garuar p\u00ebr president n\u00eb k\u00ebt\u00eb shtet, p\u00ebr shkak t\u00eb p\u00ebrfshirjes n\u00eb sulmet kund\u00ebr Kongresit amerikan n\u00eb janar t\u00eb vitit 2021.<\/p>\n<p>Orbani e ka kritikuar \u201cnj\u00eb tjet\u00ebr shtet, po ashtu t\u00eb r\u00ebnd\u00ebsish\u00ebm, ku nj\u00eb partia me p\u00ebrfaq\u00ebsim t\u00eb madh parlamentar \u00ebsht\u00eb n\u00ebn v\u00ebzhgim nga siguria komb\u00ebtare\u201d.<\/p>\n<p>Kjo besohet se ka qen\u00eb referenc\u00eb p\u00ebr Gjermanin\u00eb, ku sh\u00ebrbimet e inteligjenc\u00ebs kan\u00eb nisur t\u00eb v\u00ebzhgojn\u00eb partin\u00eb e t\u00eb djatht\u00ebs ekstreme, Alternativa p\u00ebr Gjermanin\u00eb, m\u00eb 2021, p\u00ebr tendencat ekstremiste.<\/p>\n<p>\u201cDhe e shoh nj\u00eb shtet t\u00eb tret\u00eb ku kontrolli mbi televizionin \u00ebsht\u00eb b\u00ebr\u00eb nga forca policore\u201d, ka th\u00ebn\u00eb Orban.<\/p>\n<p>S\u00eb fundi, n\u00eb Poloni \u00ebsht\u00eb ndryshuar qeveria, dhe partia e krahut t\u00eb djatht\u00eb, Ligji dhe Drejt\u00ebsia \u2013 e af\u00ebrt me partin\u00eb e Orbanit, Fidesz \u2013 \u00ebsht\u00eb z\u00ebvend\u00ebsuar nga krahut pro evropian i udh\u00ebhequr prej Donald Tuskut.<\/p>\n<p>K\u00ebt\u00eb jav\u00eb, qeveria e re polake ka nisur reforma n\u00eb median shtet\u00ebrore, me q\u00ebllim t\u00eb kthimit t\u00eb paanshm\u00ebris\u00eb, dhe k\u00ebshtu e ka shkarkuar ekipin menaxhues.<\/p>\n<p>Prej kur \u00ebsht\u00eb ngjitur n\u00eb pushtet, m\u00eb 2010, Orbani \u00ebsht\u00eb kritikuar rregullisht nga Brukseli, dhe organizatat nd\u00ebrkomb\u00ebtare, p\u00ebr \u00e7\u00ebshtje t\u00eb sundimit t\u00eb ligjit, migrimit dhe t\u00eb ngjashme.<\/p>\n<p>M\u00eb 2022, Parlamenti Evropian ka th\u00ebn\u00eb se ky shtet n\u00eb Evrop\u00ebn Qendrore nuk \u00ebsht\u00eb m\u00eb \u201cdemokraci\u201d mir\u00ebpo \u201cregjim hibrid i autokracis\u00eb zgjedhore&#8221;, dhe kjo p\u00ebrb\u00ebn shkelje serioze t\u00eb normave demokratike t\u00eb BE-s\u00eb.\/ REL\/<\/p>\n","protected":false},"excerpt":{"rendered":"<p>Kryeministri hungarez Viktor Orban, ka th\u00ebn\u00eb se \u201cnj\u00eb lloj s\u00ebmundjeje\u201d \u00ebsht\u00eb duke shkat\u00ebrruar demokracit\u00eb per\u00ebndimore. Lideri nacionalist, i cili ka mospajtime t\u00eb shpeshta me Brukselin, p\u00ebr shkak t\u00eb \u00e7\u00ebshtjeve t\u00eb lidhura me sundim t\u00eb ligjit, ka th\u00ebn\u00eb se po sheh \u201cgj\u00ebra t\u00eb \u00e7uditshme n\u00eb bot\u00ebn demokratike\u201d. Gjat\u00eb adresimit t\u00eb tij vjetor, ai ka th\u00ebn\u00eb se &hellip;<\/p>\n","protected":false},"author":4,"featured_media":67070,"comment_status":"closed","ping_status":"closed","sticky":false,"template":"","format":"standard","meta":{"footnotes":""},"categories":[38],"tags":[],"class_list":["post-67069","post","type-post","status-publish","format-standard","has-post-thumbnail","","category-bota"],"_links":{"self":[{"href":"https:\/\/rdnews.al\/index.php\/wp-json\/wp\/v2\/posts\/67069","targetHints":{"allow":["GET"]}}],"collection":[{"href":"https:\/\/rdnews.al\/index.php\/wp-json\/wp\/v2\/posts"}],"about":[{"href":"https:\/\/rdnews.al\/index.php\/wp-json\/wp\/v2\/types\/post"}],"author":[{"embeddable":true,"href":"https:\/\/rdnews.al\/index.php\/wp-json\/wp\/v2\/users\/4"}],"replies":[{"embeddable":true,"href":"https:\/\/rdnews.al\/index.php\/wp-json\/wp\/v2\/comments?post=67069"}],"version-history":[{"count":0,"href":"https:\/\/rdnews.al\/index.php\/wp-json\/wp\/v2\/posts\/67069\/revisions"}],"wp:featuredmedia":[{"embeddable":true,"href":"https:\/\/rdnews.al\/index.php\/wp-json\/wp\/v2\/media\/67070"}],"wp:attachment":[{"href":"https:\/\/rdnews.al\/index.php\/wp-json\/wp\/v2\/media?parent=67069"}],"wp:term":[{"taxonomy":"category","embeddable":true,"href":"https:\/\/rdnews.al\/index.php\/wp-json\/wp\/v2\/categories?post=67069"},{"taxonomy":"post_tag","embeddable":true,"href":"https:\/\/rdnews.al\/index.php\/wp-json\/wp\/v2\/tags?post=67069"}],"curies":[{"name":"wp","href":"https:\/\/api.w.org\/{rel}","templated":true}]}}