{"id":67072,"date":"2023-12-21T19:59:48","date_gmt":"2023-12-21T19:59:48","guid":{"rendered":"https:\/\/rdnews.al\/?p=67072"},"modified":"2023-12-21T20:01:05","modified_gmt":"2023-12-21T20:01:05","slug":"sot-me-shume-kurre-duhet-100-mosbindje-civile-kunder-ketij-regjimi","status":"publish","type":"post","link":"https:\/\/rdnews.al\/index.php\/2023\/12\/21\/sot-me-shume-kurre-duhet-100-mosbindje-civile-kunder-ketij-regjimi\/","title":{"rendered":"Sot m\u00eb shum\u00eb kurr\u00eb duhet 100% mosbindje civile kund\u00ebr k\u00ebtij regjimi!"},"content":{"rendered":"<p><strong>Nga Alba KEPI <\/strong><\/p>\n<p>Po!<br \/>\nJo!<br \/>\nAbstebim!<br \/>\nMe 99.99% t\u00eb vot\u00ebs deputet\u00ebt e mazhoranc\u00ebs votuan p\u00ear t\u00eb eleminuar liderin e opozit\u00ebs.<br \/>\nPo!<br \/>\nJo!<br \/>\nAbstenim!<br \/>\nMe 99.99% e shpejt\u00ebsis\u00eb s\u00eb frik\u00ebs, mes tymit t\u00eb protest\u00ebs e rreshtave policore q\u00eb si dikur muri i bllokut iu ruante portat e oborrit, parlamentar\u00ebt e pushtetit konfirmuan fobin\u00eb e tyre; opozicionin!<br \/>\nA thu me heqjen e mandatit t\u00eb Berish\u00ebs do zhdukin mega skandalet e qeverisjes s\u00eb tyre?<br \/>\nPo!<br \/>\nJo!<br \/>\nAbstenim!<br \/>\nMe 99.99% pro Deputet\u00ebt e Partis\u00eb Komuniste, opss Partis\u00eb Socialiste votuan kund\u00ebr vot\u00ebs s\u00eb popullit opozitar.<br \/>\nA thu me largimin e Berish\u00ebs nga Parlamenti do harrohen pasurit\u00eb komb\u00ebtare, prona publike, fondet e shtetit te grabitura me forc\u00ebn e tyre t\u00eb kartonit?<br \/>\nPo!<br \/>\nJo!<br \/>\nAbstenim!<br \/>\n99.99% votuan pro e me bisht nd\u00ebr shal\u00eb lan\u00eb sall\u00ebn e Parlamentit e vulos\u00ebn me turp historin\u00eb e Parlamentarizmit Shqiptar.<br \/>\nPo!<br \/>\nJo!<br \/>\nAbstenim!<br \/>\nSot m\u00eb shum\u00eb kurr\u00eb duhet 100% mosbindje civile kund\u00ebr nj\u00eb regjimi t\u00eb till\u00eb parlamentarizmi e qeverisjes q\u00eb ka centralizuar ekonomi, drejt\u00ebsi, media, sistem legislativ, ekzekutiv e gjyq\u00ebsor!<br \/>\nPo!<br \/>\nJo!<br \/>\nAbstenim!<br \/>\nKund\u00ebr milicis\u00eb s\u00eb Parlamentarizmit Shqiptar?!<\/p>\n","protected":false},"excerpt":{"rendered":"<p>Nga Alba KEPI Po! Jo! Abstebim! Me 99.99% t\u00eb vot\u00ebs deputet\u00ebt e mazhoranc\u00ebs votuan p\u00ear t\u00eb eleminuar liderin e opozit\u00ebs. Po! Jo! Abstenim! Me 99.99% e shpejt\u00ebsis\u00eb s\u00eb frik\u00ebs, mes tymit t\u00eb protest\u00ebs e rreshtave policore q\u00eb si dikur muri i bllokut iu ruante portat e oborrit, parlamentar\u00ebt e pushtetit konfirmuan fobin\u00eb e tyre; opozicionin! &hellip;<\/p>\n","protected":false},"author":4,"featured_media":44673,"comment_status":"closed","ping_status":"closed","sticky":false,"template":"","format":"standard","meta":{"footnotes":""},"categories":[44],"tags":[],"class_list":["post-67072","post","type-post","status-publish","format-standard","has-post-thumbnail","","category-editorial"],"_links":{"self":[{"href":"https:\/\/rdnews.al\/index.php\/wp-json\/wp\/v2\/posts\/67072","targetHints":{"allow":["GET"]}}],"collection":[{"href":"https:\/\/rdnews.al\/index.php\/wp-json\/wp\/v2\/posts"}],"about":[{"href":"https:\/\/rdnews.al\/index.php\/wp-json\/wp\/v2\/types\/post"}],"author":[{"embeddable":true,"href":"https:\/\/rdnews.al\/index.php\/wp-json\/wp\/v2\/users\/4"}],"replies":[{"embeddable":true,"href":"https:\/\/rdnews.al\/index.php\/wp-json\/wp\/v2\/comments?post=67072"}],"version-history":[{"count":0,"href":"https:\/\/rdnews.al\/index.php\/wp-json\/wp\/v2\/posts\/67072\/revisions"}],"wp:featuredmedia":[{"embeddable":true,"href":"https:\/\/rdnews.al\/index.php\/wp-json\/wp\/v2\/media\/44673"}],"wp:attachment":[{"href":"https:\/\/rdnews.al\/index.php\/wp-json\/wp\/v2\/media?parent=67072"}],"wp:term":[{"taxonomy":"category","embeddable":true,"href":"https:\/\/rdnews.al\/index.php\/wp-json\/wp\/v2\/categories?post=67072"},{"taxonomy":"post_tag","embeddable":true,"href":"https:\/\/rdnews.al\/index.php\/wp-json\/wp\/v2\/tags?post=67072"}],"curies":[{"name":"wp","href":"https:\/\/api.w.org\/{rel}","templated":true}]}}