{"id":67075,"date":"2023-12-21T20:08:04","date_gmt":"2023-12-21T20:08:04","guid":{"rendered":"https:\/\/rdnews.al\/?p=67075"},"modified":"2023-12-21T20:08:04","modified_gmt":"2023-12-21T20:08:04","slug":"te-shtunen-zhvillohet-mbledhja-e-keshillit-kombetar-te-pd","status":"publish","type":"post","link":"https:\/\/rdnews.al\/index.php\/2023\/12\/21\/te-shtunen-zhvillohet-mbledhja-e-keshillit-kombetar-te-pd\/","title":{"rendered":"T\u00eb shtun\u00ebn zhvillohet mbledhja e K\u00ebshillit Komb\u00ebtar t\u00eb PD"},"content":{"rendered":"<p>Pas p\u00ebrfundimit t\u00eb mbledhjes s\u00eb Kryesis\u00eb dit\u00ebn e sotme, kryetari i PD, Sali Berisha do t\u00eb mbledh\u00eb edhe K\u00ebshillin Komb\u00ebtar dit\u00ebn e shtun\u00eb.<\/p>\n<p>Mbledhja do t\u00eb mbahet n\u00eb or\u00ebn 12:00, nd\u00ebrsa t\u00eb ftuar do t\u00eb jen\u00eb edhe deputet\u00ebt e Gazment Bardhit dhe ai vet\u00eb.<\/p>\n<p>Po ashtu m\u00ebsohet se sa i p\u00ebrket riorganizimit t\u00eb partis\u00eb u vendos krijimi I 4 rajoneve, q\u00eb do t\u00eb drejtohen nga 4 koordinator\u00eb.<\/p>\n","protected":false},"excerpt":{"rendered":"<p>Pas p\u00ebrfundimit t\u00eb mbledhjes s\u00eb Kryesis\u00eb dit\u00ebn e sotme, kryetari i PD, Sali Berisha do t\u00eb mbledh\u00eb edhe K\u00ebshillin Komb\u00ebtar dit\u00ebn e shtun\u00eb. Mbledhja do t\u00eb mbahet n\u00eb or\u00ebn 12:00, nd\u00ebrsa t\u00eb ftuar do t\u00eb jen\u00eb edhe deputet\u00ebt e Gazment Bardhit dhe ai vet\u00eb. Po ashtu m\u00ebsohet se sa i p\u00ebrket riorganizimit t\u00eb partis\u00eb u &hellip;<\/p>\n","protected":false},"author":4,"featured_media":67049,"comment_status":"closed","ping_status":"closed","sticky":false,"template":"","format":"standard","meta":{"footnotes":""},"categories":[37],"tags":[],"class_list":["post-67075","post","type-post","status-publish","format-standard","has-post-thumbnail","","category-politike"],"_links":{"self":[{"href":"https:\/\/rdnews.al\/index.php\/wp-json\/wp\/v2\/posts\/67075","targetHints":{"allow":["GET"]}}],"collection":[{"href":"https:\/\/rdnews.al\/index.php\/wp-json\/wp\/v2\/posts"}],"about":[{"href":"https:\/\/rdnews.al\/index.php\/wp-json\/wp\/v2\/types\/post"}],"author":[{"embeddable":true,"href":"https:\/\/rdnews.al\/index.php\/wp-json\/wp\/v2\/users\/4"}],"replies":[{"embeddable":true,"href":"https:\/\/rdnews.al\/index.php\/wp-json\/wp\/v2\/comments?post=67075"}],"version-history":[{"count":0,"href":"https:\/\/rdnews.al\/index.php\/wp-json\/wp\/v2\/posts\/67075\/revisions"}],"wp:featuredmedia":[{"embeddable":true,"href":"https:\/\/rdnews.al\/index.php\/wp-json\/wp\/v2\/media\/67049"}],"wp:attachment":[{"href":"https:\/\/rdnews.al\/index.php\/wp-json\/wp\/v2\/media?parent=67075"}],"wp:term":[{"taxonomy":"category","embeddable":true,"href":"https:\/\/rdnews.al\/index.php\/wp-json\/wp\/v2\/categories?post=67075"},{"taxonomy":"post_tag","embeddable":true,"href":"https:\/\/rdnews.al\/index.php\/wp-json\/wp\/v2\/tags?post=67075"}],"curies":[{"name":"wp","href":"https:\/\/api.w.org\/{rel}","templated":true}]}}