{"id":67077,"date":"2023-12-21T20:17:49","date_gmt":"2023-12-21T20:17:49","guid":{"rendered":"https:\/\/rdnews.al\/?p=67077"},"modified":"2023-12-21T20:22:58","modified_gmt":"2023-12-21T20:22:58","slug":"67077","status":"publish","type":"post","link":"https:\/\/rdnews.al\/index.php\/2023\/12\/21\/67077\/","title":{"rendered":"Berisha: Ram\u00ebs do t\u2019i q\u00ebndroj p\u00ebrball\u00eb deri n\u00eb gjunj\u00ebzimin e tij!"},"content":{"rendered":"<p>Kryetari i PD, Sali Berisha tha pas mbledhjes s\u00eb kryesis\u00eb s\u00eb PD se, vendim i gjykat\u00ebs nuk mund t\u00eb realizoj\u00eb \u00ebnd\u00ebrrat e Ram\u00ebs, por do i q\u00ebndroj p\u00ebrball\u00eb deri n\u00eb gjunj\u00ebzimin e tij.<\/p>\n<p>\u201cVendimet e kryesis\u00eb jan\u00eb s\u00eb pari nj\u00eb shum\u00ebfishim i t\u00eb gjitha p\u00ebrpjekjeve p\u00ebr betej\u00ebn pa kthim; o sot, o kurr\u00eb.<\/p>\n<p>S\u00eb dyti, kryesia vendos t\u00eb th\u00ebrras\u00eb k\u00ebshillin komb\u00ebtar dit\u00ebn e shtun\u00eb. Pastaj u diskutua p\u00ebr disa \u00e7\u00ebshtje organizative n\u00eb m\u00ebnyr\u00eb q\u00eb t\u00eb ristrukturohet n\u00eb nj\u00eb far\u00eb m\u00ebnyre sektori i riorganizimit, duke mbetur z. Minarolli sekretar i organizimit p\u00ebr partin\u00eb, por duke krijuar edhe disa kordinator\u00eb q\u00eb do t\u00eb merren me organizimin.<\/p>\n<p>U hodh\u00ebn ide, dhe \u00ebsht\u00eb e mundshme q\u00eb t\u00eb krijohet nj\u00eb grup koordinator qendror p\u00ebr Tiran\u00ebn\u201d, tha Berisha.<\/p>\n<p><strong>Pyetje:<\/strong> \u00cbsht\u00eb diskutuar q\u00eb n\u00eb k\u00ebt\u00eb riorganizim t\u00eb th\u00ebrritet edhe grupi i deputet\u00ebve t\u00eb Gazment Bardhit?<\/p>\n<p><strong>Sali Berisha:<\/strong> Grupi i deputet\u00ebve t\u00eb Gazment Bardhit jan\u00eb deputet\u00eb t\u00eb PD dhe n\u00eb \u00e7do hap t\u00eb saj, kan\u00eb rolin e tyre dhe do ta ken\u00eb rolin.<\/p>\n<p><strong>Pyetje:<\/strong> Kordinator\u00ebt q\u00eb do t\u00eb p\u00ebrcaktohen, do t\u00eb koordinoheni me z. Bardhi p\u00ebr t\u00eb gjetur emra t\u00eb p\u00ebrbashk\u00ebt?<\/p>\n<p><strong>Sali Berisha:<\/strong> Natyrisht t\u00eb gjitha do t\u00eb b\u00ebhen n\u00eb bashk\u00ebpunim, me t\u00eb gjith\u00eb faktor\u00ebt drejtues t\u00eb partis\u00eb.<\/p>\n<p><strong>Pyetje:<\/strong> Z. Berisha keni kaluar nj\u00eb dit\u00eb t\u00eb gjat\u00eb&#8230;,<\/p>\n<p><strong>Sali Berisha:<\/strong> Dita e gjat\u00eb, por si\u00e7 e sheh energjia \u00ebhst\u00eb e mjaftueshme p\u00ebr t\u00eb vazhduar k\u00ebt\u00eb dit\u00eb.<\/p>\n<p><strong>Pyetje:<\/strong> A do e drejtoni ju PD edhe pse gjykata mund t\u00eb marr\u00eb \u00e7do vendim.<\/p>\n<p><strong>Sali Berisha:<\/strong> Asnj\u00eb vendim i gjykat\u00ebs nuk mund t\u00eb realizoj\u00eb \u00ebnd\u00ebrrat e Ram\u00ebs, por do i q\u00ebndroj p\u00ebrball\u00eb deri n\u00eb gjunj\u00ebzimin e tij. Ai \u00ebsht\u00eb frikacak, zgjodhi k\u00ebt\u00eb rrug\u00eb, por e garantoj q\u00eb do t\u00eb p\u00ebrfundoj\u00eb aty ku e meriton.<\/p>\n","protected":false},"excerpt":{"rendered":"<p>Kryetari i PD, Sali Berisha tha pas mbledhjes s\u00eb kryesis\u00eb s\u00eb PD se, vendim i gjykat\u00ebs nuk mund t\u00eb realizoj\u00eb \u00ebnd\u00ebrrat e Ram\u00ebs, por do i q\u00ebndroj p\u00ebrball\u00eb deri n\u00eb gjunj\u00ebzimin e tij. \u201cVendimet e kryesis\u00eb jan\u00eb s\u00eb pari nj\u00eb shum\u00ebfishim i t\u00eb gjitha p\u00ebrpjekjeve p\u00ebr betej\u00ebn pa kthim; o sot, o kurr\u00eb. S\u00eb dyti, &hellip;<\/p>\n","protected":false},"author":4,"featured_media":0,"comment_status":"closed","ping_status":"closed","sticky":false,"template":"","format":"standard","meta":{"footnotes":""},"categories":[37],"tags":[],"class_list":["post-67077","post","type-post","status-publish","format-standard","","category-politike"],"_links":{"self":[{"href":"https:\/\/rdnews.al\/index.php\/wp-json\/wp\/v2\/posts\/67077","targetHints":{"allow":["GET"]}}],"collection":[{"href":"https:\/\/rdnews.al\/index.php\/wp-json\/wp\/v2\/posts"}],"about":[{"href":"https:\/\/rdnews.al\/index.php\/wp-json\/wp\/v2\/types\/post"}],"author":[{"embeddable":true,"href":"https:\/\/rdnews.al\/index.php\/wp-json\/wp\/v2\/users\/4"}],"replies":[{"embeddable":true,"href":"https:\/\/rdnews.al\/index.php\/wp-json\/wp\/v2\/comments?post=67077"}],"version-history":[{"count":0,"href":"https:\/\/rdnews.al\/index.php\/wp-json\/wp\/v2\/posts\/67077\/revisions"}],"wp:attachment":[{"href":"https:\/\/rdnews.al\/index.php\/wp-json\/wp\/v2\/media?parent=67077"}],"wp:term":[{"taxonomy":"category","embeddable":true,"href":"https:\/\/rdnews.al\/index.php\/wp-json\/wp\/v2\/categories?post=67077"},{"taxonomy":"post_tag","embeddable":true,"href":"https:\/\/rdnews.al\/index.php\/wp-json\/wp\/v2\/tags?post=67077"}],"curies":[{"name":"wp","href":"https:\/\/api.w.org\/{rel}","templated":true}]}}