{"id":67082,"date":"2023-12-21T20:29:14","date_gmt":"2023-12-21T20:29:14","guid":{"rendered":"https:\/\/rdnews.al\/?p=67082"},"modified":"2023-12-21T20:29:14","modified_gmt":"2023-12-21T20:29:14","slug":"berisha-krijohen-postet-e-koordinatoreve-si-ndihmes-te-kryetarit-te-cilet-do-te-merren-me-organizimin-e-partise","status":"publish","type":"post","link":"https:\/\/rdnews.al\/index.php\/2023\/12\/21\/berisha-krijohen-postet-e-koordinatoreve-si-ndihmes-te-kryetarit-te-cilet-do-te-merren-me-organizimin-e-partise\/","title":{"rendered":"Berisha: Krijohen postet e koordinator\u00ebve si ndihm\u00ebs t\u00eb kryetarit t\u00eb cil\u00ebt do t\u00eb merren me organizimin e partis\u00eb"},"content":{"rendered":"<p>Kryetari i PD, Sali Berisha, gjat\u00eb prononcimit p\u00ebr mediat tek selia e PD, tha se, do t\u00eb krijohen postet e koordinator\u00ebve si ndihm\u00ebs t\u00eb kryetarit t\u00eb cil\u00ebt do t\u00eb merren me organizimin e partis\u00eb.<\/p>\n<p><strong>Pyetje:<\/strong> Duke qen\u00eb se sot \u00ebsht\u00eb vendosur riorganizimi i partis\u00eb &#8230;<\/p>\n<p><strong>Sali Berisha:<\/strong> Jo riorganizimi jo. Jo i partis\u00eb, sektori i organizimit, krijohen postet e koordinator\u00ebve si ndihm\u00ebs t\u00eb kryetarit t\u00eb cil\u00ebt do t\u00eb merren me organizimin e partis\u00eb nga nj\u00eb rajon secili.<\/p>\n<p><strong>Pyetje:<\/strong> A \u00ebsht\u00eb Sali Berisha i pak\u00ebnaqur me struktur\u00ebn organizative t\u00eb partis\u00eb&#8230;<\/p>\n<p><strong>Sali Berisha:<\/strong> Partia \u00ebsht\u00eb n\u00eb k\u00ebmb\u00eb, por p\u00ebrmir\u00ebsimi, dhe mund t\u00eb them se kjo situat\u00eb k\u00ebrkon disa ndryshime, p\u00ebrmir\u00ebsime t\u00eb m\u00ebtejshme. Partia nuk ndalet m\u00eb.<\/p>\n<p><strong>Pyetje:<\/strong> Dat\u00eb p\u00ebr protesta t\u00eb tjera&#8230;<\/p>\n<p><strong>Sali Berisha:<\/strong> Padiskutim, data 27 \u00ebsht\u00eb dit\u00eb proteste.<\/p>\n<p><strong>Pyetje:<\/strong> Do ta drejtoni ju at\u00eb protest\u00eb. Do t\u00eb jeni ju te Gjykata e Lart\u00eb&#8230;<\/p>\n<p><strong>Sali Berisha:<\/strong> Ta shohim.<\/p>\n<p><strong>Pyetje:<\/strong> Analist\u00ebt ngren\u00eb pik\u00ebpyetje dhe thon\u00eb se n\u00ebse z. Berisha ka nisur p\u00ebrgatitjet n\u00ebse vendoset \u2018arrest sht\u00ebpie\u2019 t\u00eb q\u00ebndroj\u00eb n\u00eb seli. Keni nj\u00eb p\u00ebrgjigje p\u00ebr ta.<\/p>\n<p><strong>Sali Berisha:<\/strong> Gjith\u00e7ka \u00ebsht\u00eb e hapur. M\u00eb duhet k\u00ebshilla e avokatit.<\/p>\n","protected":false},"excerpt":{"rendered":"<p>Kryetari i PD, Sali Berisha, gjat\u00eb prononcimit p\u00ebr mediat tek selia e PD, tha se, do t\u00eb krijohen postet e koordinator\u00ebve si ndihm\u00ebs t\u00eb kryetarit t\u00eb cil\u00ebt do t\u00eb merren me organizimin e partis\u00eb. Pyetje: Duke qen\u00eb se sot \u00ebsht\u00eb vendosur riorganizimi i partis\u00eb &#8230; Sali Berisha: Jo riorganizimi jo. Jo i partis\u00eb, sektori i &hellip;<\/p>\n","protected":false},"author":4,"featured_media":65441,"comment_status":"closed","ping_status":"closed","sticky":false,"template":"","format":"standard","meta":{"footnotes":""},"categories":[37],"tags":[],"class_list":["post-67082","post","type-post","status-publish","format-standard","has-post-thumbnail","","category-politike"],"_links":{"self":[{"href":"https:\/\/rdnews.al\/index.php\/wp-json\/wp\/v2\/posts\/67082","targetHints":{"allow":["GET"]}}],"collection":[{"href":"https:\/\/rdnews.al\/index.php\/wp-json\/wp\/v2\/posts"}],"about":[{"href":"https:\/\/rdnews.al\/index.php\/wp-json\/wp\/v2\/types\/post"}],"author":[{"embeddable":true,"href":"https:\/\/rdnews.al\/index.php\/wp-json\/wp\/v2\/users\/4"}],"replies":[{"embeddable":true,"href":"https:\/\/rdnews.al\/index.php\/wp-json\/wp\/v2\/comments?post=67082"}],"version-history":[{"count":0,"href":"https:\/\/rdnews.al\/index.php\/wp-json\/wp\/v2\/posts\/67082\/revisions"}],"wp:featuredmedia":[{"embeddable":true,"href":"https:\/\/rdnews.al\/index.php\/wp-json\/wp\/v2\/media\/65441"}],"wp:attachment":[{"href":"https:\/\/rdnews.al\/index.php\/wp-json\/wp\/v2\/media?parent=67082"}],"wp:term":[{"taxonomy":"category","embeddable":true,"href":"https:\/\/rdnews.al\/index.php\/wp-json\/wp\/v2\/categories?post=67082"},{"taxonomy":"post_tag","embeddable":true,"href":"https:\/\/rdnews.al\/index.php\/wp-json\/wp\/v2\/tags?post=67082"}],"curies":[{"name":"wp","href":"https:\/\/api.w.org\/{rel}","templated":true}]}}