{"id":67084,"date":"2023-12-21T20:33:00","date_gmt":"2023-12-21T20:33:00","guid":{"rendered":"https:\/\/rdnews.al\/?p=67084"},"modified":"2023-12-22T09:11:19","modified_gmt":"2023-12-22T09:11:19","slug":"berisha-asnje-vendim-gjykate-nuk-realizon-dot-endrrat-e-rames","status":"publish","type":"post","link":"https:\/\/rdnews.al\/index.php\/2023\/12\/21\/berisha-asnje-vendim-gjykate-nuk-realizon-dot-endrrat-e-rames\/","title":{"rendered":"Berisha: Asnj\u00eb vendim Gjykate nuk realizon dot \u00ebndrrat e Ram\u00ebs"},"content":{"rendered":"<p>Kreu i Partis\u00eb Demokratike, Sali Berisha ka folur menj\u00ebher\u00eb pas p\u00ebrfundimit t\u00eb mbledhjes s\u00eb Kryesis\u00eb n\u00eb selin\u00eb blu. I pyetur nga gazetar\u00ebt se cila do t\u00eb jet\u00eb l\u00ebvizja e radh\u00ebz, Berisha ka deklaruar se opozita \u00ebsht\u00eb e vendosur p\u00ebr nj\u00eb \u201cbeteja pa kthim\u201d.<\/p>\n<p>\u201cVendimet e kryesis\u00eb jan\u00eb s\u00eb pari nj\u00eb shum\u00ebfishim i t\u00eb gjitha p\u00ebrpjekjeve p\u00ebr betej\u00ebn pa kthim; o sot, o kurr\u00eb.\u00a0S\u00eb dyti, kryesia vendos t\u00eb th\u00ebrras\u00eb k\u00ebshillin komb\u00ebtar dit\u00ebn e shtun\u00eb. Pastaj u diskutua p\u00ebr disa \u00e7\u00ebshtje organizative n\u00eb m\u00ebnyr\u00eb q\u00eb t\u00eb ristrukturohet n\u00eb nj\u00eb far\u00eb m\u00ebnyre sektori i riorganizimit, duke mbetur z. Minarolli sekretar i organizimit p\u00ebr partin\u00eb, por duke krijuar edhe disa kordinator\u00eb q\u00eb do t\u00eb merren me organizimin. U hodh\u00ebn ide, dhe \u00ebsht\u00eb e mundshme q\u00eb t\u00eb krijohet nj\u00eb grup koordinator qendror p\u00ebr Tiran\u00ebn\u201d tha fillimisht Berisha.<\/p>\n<p><strong>Pyetje<\/strong>: \u00cbsht\u00eb diskutuar q\u00eb n\u00eb k\u00ebt\u00eb riorganizim t\u00eb th\u00ebrritet edhe grupi i deputet\u00ebve t\u00eb Gazment Bardhit?<\/p>\n<p><strong>Sali Berisha<\/strong>: \u201cGrupi i deputet\u00ebve t\u00eb Gazment Bardhit jan\u00eb deputet\u00eb t\u00eb PD dhe n\u00eb \u00e7do hap t\u00eb saj, kan\u00eb rolin e tyre dhe do ta ken\u00eb rolin\u201d.<\/p>\n","protected":false},"excerpt":{"rendered":"<p>Kreu i Partis\u00eb Demokratike, Sali Berisha ka folur menj\u00ebher\u00eb pas p\u00ebrfundimit t\u00eb mbledhjes s\u00eb Kryesis\u00eb n\u00eb selin\u00eb blu. I pyetur nga gazetar\u00ebt se cila do t\u00eb jet\u00eb l\u00ebvizja e radh\u00ebz, Berisha ka deklaruar se opozita \u00ebsht\u00eb e vendosur p\u00ebr nj\u00eb \u201cbeteja pa kthim\u201d. \u201cVendimet e kryesis\u00eb jan\u00eb s\u00eb pari nj\u00eb shum\u00ebfishim i t\u00eb gjitha p\u00ebrpjekjeve &hellip;<\/p>\n","protected":false},"author":4,"featured_media":0,"comment_status":"closed","ping_status":"closed","sticky":false,"template":"","format":"standard","meta":{"footnotes":""},"categories":[37],"tags":[],"class_list":["post-67084","post","type-post","status-publish","format-standard","","category-politike"],"_links":{"self":[{"href":"https:\/\/rdnews.al\/index.php\/wp-json\/wp\/v2\/posts\/67084","targetHints":{"allow":["GET"]}}],"collection":[{"href":"https:\/\/rdnews.al\/index.php\/wp-json\/wp\/v2\/posts"}],"about":[{"href":"https:\/\/rdnews.al\/index.php\/wp-json\/wp\/v2\/types\/post"}],"author":[{"embeddable":true,"href":"https:\/\/rdnews.al\/index.php\/wp-json\/wp\/v2\/users\/4"}],"replies":[{"embeddable":true,"href":"https:\/\/rdnews.al\/index.php\/wp-json\/wp\/v2\/comments?post=67084"}],"version-history":[{"count":0,"href":"https:\/\/rdnews.al\/index.php\/wp-json\/wp\/v2\/posts\/67084\/revisions"}],"wp:attachment":[{"href":"https:\/\/rdnews.al\/index.php\/wp-json\/wp\/v2\/media?parent=67084"}],"wp:term":[{"taxonomy":"category","embeddable":true,"href":"https:\/\/rdnews.al\/index.php\/wp-json\/wp\/v2\/categories?post=67084"},{"taxonomy":"post_tag","embeddable":true,"href":"https:\/\/rdnews.al\/index.php\/wp-json\/wp\/v2\/tags?post=67084"}],"curies":[{"name":"wp","href":"https:\/\/api.w.org\/{rel}","templated":true}]}}