{"id":67099,"date":"2023-12-22T08:59:15","date_gmt":"2023-12-22T08:59:15","guid":{"rendered":"https:\/\/rdnews.al\/?p=67099"},"modified":"2023-12-22T08:59:15","modified_gmt":"2023-12-22T08:59:15","slug":"alizoti-pd-eshte-nen-sulm-politik-e-mediatik-nga-pushteti-por-kjo-do-kthehet-ne-energji","status":"publish","type":"post","link":"https:\/\/rdnews.al\/index.php\/2023\/12\/22\/alizoti-pd-eshte-nen-sulm-politik-e-mediatik-nga-pushteti-por-kjo-do-kthehet-ne-energji\/","title":{"rendered":"Alizoti: PD \u00ebsht\u00eb n\u00ebn sulm politik e mediatik nga pushteti, por kjo do kthehet n\u00eb energji"},"content":{"rendered":"<p>Deputeti i PD, Tomor Alizoti thot\u00eb se Partia Demokratike do t\u00eb arrij\u00eb t\u00eb dal\u00eb nga kjo situat\u00eb e v\u00ebshtir\u00eb n\u00eb t\u00eb cil\u00ebn gjendet. Deputetit Sali Berisha iu hoq imuniteti nga Parlamenti dhe kjo i hap rrug\u00eb SPAK-ut q\u00eb t\u00eb k\u00ebrkoj\u00eb mas\u00eb shtr\u00ebnguese sigurie.<\/p>\n<p>Por \u00e7far\u00eb do t\u00eb ndodh\u00eb me PD-n\u00eb n\u00eb nj\u00eb situat\u00eb kur kryetari i saj mund t\u00eb jet\u00eb i izoluar? Alizoti tha n\u00eb emisionin \u201cOpinion\u201d n\u00eb Tv Klan se, Partia Demokratike merr m\u00eb shum\u00eb forc\u00eb dhe energji n\u00eb raste krizash dhe v\u00ebshtir\u00ebsish.<\/p>\n<p>\u201cPD \u00ebsht\u00eb nj\u00eb parti q\u00eb \u00ebsht\u00eb themeluar n\u00eb v\u00ebshtir\u00ebsin\u00eb e saj, \u00ebsht\u00eb nj\u00eb parti q\u00eb e vendos n\u00eb v\u00ebshtir\u00ebsi ka nj\u00eb aft\u00ebsi t\u00eb rigjej\u00eb veten. Opozita dhe PD do filloj\u00eb dhe do jet\u00eb po aq e fuqishme sa ka qen\u00eb por duhet t\u00eb gjej\u00eb m\u00ebnyr\u00ebn. Opozita shqiptare \u00ebsht\u00eb v\u00ebn\u00eb n\u00eb nj\u00eb sulm t\u00eb paqen\u00eb, ka pasur nj\u00eb sulm t\u00eb madh q\u00eb ka qen\u00eb politik, mediatik, propagandistik plus dhe konflikti i brendsh\u00ebm. Un\u00eb mendoj q\u00eb shum\u00eb shpejt opozita nga ana teknike do gjej\u00eb zgjidhje. PD ka kaluar nj\u00eb kriz\u00eb por \u00ebsht\u00eb nj\u00eb parti q\u00eb krizat i japin energji. Un\u00eb mendoj q\u00eb kryetari do jet\u00eb prezent sepse Berisha \u00ebsht\u00eb trash\u00ebgimia e PD\u201d.<\/p>\n<p>Alizoti thot\u00eb se. Partia Demokratike ka nj\u00eb sfid\u00eb q\u00eb t\u00eb rifitoj\u00eb besimin e qytetar\u00ebve.<\/p>\n<p>\u201cDuhet q\u00eb PD t\u00eb gjej\u00eb, ka nj\u00eb sfid\u00eb, si t\u00eb gjej\u00eb zemrat e shqiptar\u00ebve si ta kthej\u00eb zem\u00ebrimin e shqiptar\u00ebve. Kjo \u00ebsht\u00eb sfida e madhe e opozit\u00ebs. Ky \u00ebsht\u00eb nj\u00eb proces q\u00eb un\u00eb mendoj PD-n\u00eb do ta b\u00ebj\u00eb m\u00eb t\u00eb fort\u00eb. Sot ndodhi teknikisht dhe bujrum t\u00eb diskutojm\u00eb p\u00ebr t\u00eb koordinuar dhe p\u00ebr t\u00eb sjell\u00eb nj\u00eb PD moderne bashk\u00eb me frym\u00ebn e Berish\u00ebs\u201d, tha Alizoti.<\/p>\n","protected":false},"excerpt":{"rendered":"<p>Deputeti i PD, Tomor Alizoti thot\u00eb se Partia Demokratike do t\u00eb arrij\u00eb t\u00eb dal\u00eb nga kjo situat\u00eb e v\u00ebshtir\u00eb n\u00eb t\u00eb cil\u00ebn gjendet. Deputetit Sali Berisha iu hoq imuniteti nga Parlamenti dhe kjo i hap rrug\u00eb SPAK-ut q\u00eb t\u00eb k\u00ebrkoj\u00eb mas\u00eb shtr\u00ebnguese sigurie. Por \u00e7far\u00eb do t\u00eb ndodh\u00eb me PD-n\u00eb n\u00eb nj\u00eb situat\u00eb kur kryetari &hellip;<\/p>\n","protected":false},"author":4,"featured_media":67100,"comment_status":"closed","ping_status":"closed","sticky":false,"template":"","format":"standard","meta":{"footnotes":""},"categories":[37],"tags":[],"class_list":["post-67099","post","type-post","status-publish","format-standard","has-post-thumbnail","","category-politike"],"_links":{"self":[{"href":"https:\/\/rdnews.al\/index.php\/wp-json\/wp\/v2\/posts\/67099","targetHints":{"allow":["GET"]}}],"collection":[{"href":"https:\/\/rdnews.al\/index.php\/wp-json\/wp\/v2\/posts"}],"about":[{"href":"https:\/\/rdnews.al\/index.php\/wp-json\/wp\/v2\/types\/post"}],"author":[{"embeddable":true,"href":"https:\/\/rdnews.al\/index.php\/wp-json\/wp\/v2\/users\/4"}],"replies":[{"embeddable":true,"href":"https:\/\/rdnews.al\/index.php\/wp-json\/wp\/v2\/comments?post=67099"}],"version-history":[{"count":0,"href":"https:\/\/rdnews.al\/index.php\/wp-json\/wp\/v2\/posts\/67099\/revisions"}],"wp:featuredmedia":[{"embeddable":true,"href":"https:\/\/rdnews.al\/index.php\/wp-json\/wp\/v2\/media\/67100"}],"wp:attachment":[{"href":"https:\/\/rdnews.al\/index.php\/wp-json\/wp\/v2\/media?parent=67099"}],"wp:term":[{"taxonomy":"category","embeddable":true,"href":"https:\/\/rdnews.al\/index.php\/wp-json\/wp\/v2\/categories?post=67099"},{"taxonomy":"post_tag","embeddable":true,"href":"https:\/\/rdnews.al\/index.php\/wp-json\/wp\/v2\/tags?post=67099"}],"curies":[{"name":"wp","href":"https:\/\/api.w.org\/{rel}","templated":true}]}}