{"id":67103,"date":"2023-12-22T09:14:49","date_gmt":"2023-12-22T09:14:49","guid":{"rendered":"https:\/\/rdnews.al\/?p=67103"},"modified":"2023-12-22T09:14:49","modified_gmt":"2023-12-22T09:14:49","slug":"vokshi-berishizmi-eshte-fryme-qe-frymezon-cdo-opozitar","status":"publish","type":"post","link":"https:\/\/rdnews.al\/index.php\/2023\/12\/22\/vokshi-berishizmi-eshte-fryme-qe-frymezon-cdo-opozitar\/","title":{"rendered":"Vokshi: Berishizmi \u00ebsht\u00eb frym\u00eb q\u00eb frym\u00ebzon \u00e7do opozitar!"},"content":{"rendered":"<p>Kryetarja e Lidhjes Demokratike t\u00eb Gruas s\u00eb Shqip\u00ebris\u00eb, Albana Vokshi mblodhi pasditen e s\u00eb enjtes drejtueset e deg\u00ebve t\u00eb Tiran\u00ebs, n\u00eb selin\u00eb e Partis\u00eb Demokratike. Q\u00ebllimi i takimit ishte p\u00ebr t\u00eb diskutuar situat\u00ebn politike n\u00eb Shqip\u00ebri, pas vendimeve t\u00eb mazhoranc\u00ebs socialiste me n\u00eb krye Edi Ram\u00ebn p\u00ebr heqjen e imuniteti dhe arrestimit t\u00eb liderit t\u00eb opozit\u00ebs, Prof. Dr. Sali Berisha.<\/p>\n<p>\u201cPrej vitesh PD \u00ebsht\u00eb p\u00ebrball\u00eb tentativave t\u00eb nj\u00ebpasnj\u00ebshme t\u00eb Edi Ram\u00ebs p\u00ebr ta shkat\u00ebrruar, ndar\u00eb, p\u00ebrcar\u00eb, zhb\u00ebr\u00eb opozit\u00ebn. E ka b\u00ebr\u00eb me t\u00eb gjitha format: me para, presione, shantazhe, k\u00ebrc\u00ebnime. Edi Rama, q\u00eb kontrollon \u00e7do pushtet, nuk do opozit\u00eb! Ai tenton ose t\u2019i blej\u00eb, shantazhoj\u00eb, ose kur nuk i blen e shantazhon dot, p\u00ebrpiqet t\u2019i izoloj\u00eb, eleminoj\u00eb. Edi Rama ka frik\u00eb, tmerrohet nga Sali Berisha. Ndaj ka p\u00ebrdorur \u00e7do pushtet e institucion q\u00eb kontrollon, t\u00eb cil\u00ebt n\u00eb nj\u00eb pu\u00e7 kushtetues, kan\u00eb marr\u00eb vendime t\u00eb paprecendenta antikushtetuese, duke rr\u00ebmbyer kompetencat e parlamentit vet\u00ebm e vet\u00ebm q\u00eb t\u00eb \u201celeminojn\u00eb\u201d politikisht Sali Berish\u00ebn. Por a mundet t\u00eb izolohet Sali Berisha? Sigurisht q\u00eb jo!\u201d, u shpreh Vokshi gjat\u00eb takimit me drejtueset e deg\u00ebve t\u00eb Tiran\u00ebs.<\/p>\n<p>Kryetarja e LDG vijoj m\u00eb tej duke theksuar se Edi Rama edhe mund t\u00eb urdh\u00ebroj\u00eb arrestimin e Sali Berish\u00ebs, por ai nuk arreston dot t\u00eb gjith\u00eb opozit\u00ebn.<\/p>\n<p>\u201cEdi Rama nuk na arreston dot t\u00eb gjith\u00ebve. Berishizmi \u00ebsht\u00eb frym\u00eb q\u00eb frym\u00ebzon \u00e7do opozitar, q\u00eb sot m\u00eb shum\u00eb se kurr\u00eb duhet t\u00eb jet\u00eb n\u00eb k\u00ebmb\u00eb n\u00eb mbrojtje t\u00eb parlamentarizmit, pluralizmit, demokracis\u00eb. Sali Berisha \u00ebsht\u00eb Kryetari i rikonfirmuar nga Kuvendi Komb\u00ebtar i dat\u00ebs 2 dhjetor, i mandatuar p\u00ebr t\u00eb drejtuar PD dhe opozit\u00ebn. Ai drejton e do t\u00eb drejtoj\u00eb Partin\u00eb Demokratike\u201d, tha Vokshi.<\/p>\n<p>N\u00eb takimin me drejtueset e deg\u00ebve t\u00eb Tiran\u00ebs u diskutua edhe misioni q\u00eb grat\u00eb kan\u00eb n\u00eb mbrojtje t\u00eb familjes s\u00eb p\u00ebrbashk\u00ebt, Shqip\u00ebris\u00eb, n\u00eb mbrojtje t\u00eb t\u00eb drejtave kushtetuese dhe demokracis\u00eb, n\u00eb mbrojtje t\u00eb familjeve e f\u00ebmij\u00ebve.<\/p>\n","protected":false},"excerpt":{"rendered":"<p>Kryetarja e Lidhjes Demokratike t\u00eb Gruas s\u00eb Shqip\u00ebris\u00eb, Albana Vokshi mblodhi pasditen e s\u00eb enjtes drejtueset e deg\u00ebve t\u00eb Tiran\u00ebs, n\u00eb selin\u00eb e Partis\u00eb Demokratike. Q\u00ebllimi i takimit ishte p\u00ebr t\u00eb diskutuar situat\u00ebn politike n\u00eb Shqip\u00ebri, pas vendimeve t\u00eb mazhoranc\u00ebs socialiste me n\u00eb krye Edi Ram\u00ebn p\u00ebr heqjen e imuniteti dhe arrestimit t\u00eb liderit t\u00eb &hellip;<\/p>\n","protected":false},"author":4,"featured_media":0,"comment_status":"closed","ping_status":"closed","sticky":false,"template":"","format":"standard","meta":{"footnotes":""},"categories":[37],"tags":[],"class_list":["post-67103","post","type-post","status-publish","format-standard","","category-politike"],"_links":{"self":[{"href":"https:\/\/rdnews.al\/index.php\/wp-json\/wp\/v2\/posts\/67103","targetHints":{"allow":["GET"]}}],"collection":[{"href":"https:\/\/rdnews.al\/index.php\/wp-json\/wp\/v2\/posts"}],"about":[{"href":"https:\/\/rdnews.al\/index.php\/wp-json\/wp\/v2\/types\/post"}],"author":[{"embeddable":true,"href":"https:\/\/rdnews.al\/index.php\/wp-json\/wp\/v2\/users\/4"}],"replies":[{"embeddable":true,"href":"https:\/\/rdnews.al\/index.php\/wp-json\/wp\/v2\/comments?post=67103"}],"version-history":[{"count":0,"href":"https:\/\/rdnews.al\/index.php\/wp-json\/wp\/v2\/posts\/67103\/revisions"}],"wp:attachment":[{"href":"https:\/\/rdnews.al\/index.php\/wp-json\/wp\/v2\/media?parent=67103"}],"wp:term":[{"taxonomy":"category","embeddable":true,"href":"https:\/\/rdnews.al\/index.php\/wp-json\/wp\/v2\/categories?post=67103"},{"taxonomy":"post_tag","embeddable":true,"href":"https:\/\/rdnews.al\/index.php\/wp-json\/wp\/v2\/tags?post=67103"}],"curies":[{"name":"wp","href":"https:\/\/api.w.org\/{rel}","templated":true}]}}