{"id":67106,"date":"2023-12-22T09:20:42","date_gmt":"2023-12-22T09:20:42","guid":{"rendered":"https:\/\/rdnews.al\/?p=67106"},"modified":"2023-12-22T09:20:42","modified_gmt":"2023-12-22T09:20:42","slug":"avokati-berisha-nuk-arrestohet-rama-po-perdor-spak-per-propagande","status":"publish","type":"post","link":"https:\/\/rdnews.al\/index.php\/2023\/12\/22\/avokati-berisha-nuk-arrestohet-rama-po-perdor-spak-per-propagande\/","title":{"rendered":"Avokati: Berisha nuk arrestohet, Rama po p\u00ebrdor SPAK p\u00ebr propagand\u00eb!"},"content":{"rendered":"<p>I ftuar n\u00eb emisionin e m\u00ebngjesit \u2018Kafe Shqeto\u2019 n\u00eb SYRI TV p\u00ebr t\u00eb komentuar vendimin Kuvendit sa i p\u00ebrket k\u00ebrkes\u00ebs s\u00eb SPAK p\u00ebr t\u00eb hequr imunitetin ndaj liderit t\u00eb opozit\u00ebs, Sali Berish\u00ebs ishte avokati, Genc Gjokutaj.<\/p>\n<p>Gjokutaj \u00ebsht\u00eb shprehur se vendimi i parlamentit \u00ebsht\u00eb anti-kushtetues pasi nuk u bajt relacion dhe neni 78 i Kushtetut\u00ebs thot\u00eb shprehimisht se, n\u00ebse nuk mbahet relacion at\u00ebher\u00eb efekti juridik i seanc\u00ebs \u00ebsht\u00eb i pavlefsh\u00ebm.<\/p>\n<p>\u201cDua t\u00eb sqaroj nj\u00eb pik\u00eb nj\u00eb her\u00eb e p\u00ebrgjithmon\u00eb se ai truk dhe k\u00ebrkes\u00eb e SPAK b\u00ebr\u00eb n\u00eb komision e mandateve dhe m\u00eb von\u00eb n\u00eb Kuvend, i cili k\u00ebrkoi autorizim p\u00ebr dy masa ndaj Berish\u00ebs si ajo me arrest me burg dhe arrest n\u00eb sht\u00ebpi \u00ebsht\u00eb e pa moralshme dhe e paligjshme.<\/p>\n<p>Arresti me burg \u00ebsht\u00eb i p\u00ebrjashtuar te Berisha dhe se kjo po b\u00ebhet vet\u00ebm p\u00ebr interesa politike u si q\u00ebllim \u00ebsht\u00eb denigrimi i liderit t\u00eb opozit\u00ebs, pasi Neni 230 i kodit Penal e ndalon arrestimin e nj\u00eb personi i cili \u00ebsht\u00eb mbi 70-vje\u00e7 dhe SPAK ka qen\u00eb n\u00eb dijeni t\u00eb k\u00ebtij neni dhe ka k\u00ebrkuar leje p\u00ebr t\u00eb dy masat.<\/p>\n<p>Ky absurd dhe mllef q\u00eb SPAK ka ndaj Berish\u00ebs e kan\u00eb d\u00ebrguar deri n\u00eb fund me mb\u00ebshtetjen e mazhornac\u00ebs dhe nga pik\u00ebpamja ligjore ata mund ti b\u00ebjn\u00eb nj\u00eb nga nj\u00eb dhe nuk mund t\u00eb b\u00ebjn\u00eb k\u00ebrkes\u00eb p\u00ebr dy masa.<\/p>\n<p>Kuvendi ka dal\u00eb pa relacion dhe e b\u00ebn t\u00eb pavlefshme seanc\u00ebn sepse e ka Neni 78 i Kushtetut\u00ebs dhe e k\u00ebrkon relacionin pasi n\u00ebse mungon kjo seanc\u00eb nuk krijon efekte juridike, por kulmi \u00ebsht\u00eb m\u00eb 1\/5 e deputet\u00ebve k\u00ebrkuan ndaj GJK q\u00eb t\u00eb shprehet n\u00eb lidhje pik\u00ebrisht mbi k\u00ebt\u00eb debat q\u00eb kemi me SPAK\u201d, tha avokati Gjokutaj.<\/p>\n","protected":false},"excerpt":{"rendered":"<p>I ftuar n\u00eb emisionin e m\u00ebngjesit \u2018Kafe Shqeto\u2019 n\u00eb SYRI TV p\u00ebr t\u00eb komentuar vendimin Kuvendit sa i p\u00ebrket k\u00ebrkes\u00ebs s\u00eb SPAK p\u00ebr t\u00eb hequr imunitetin ndaj liderit t\u00eb opozit\u00ebs, Sali Berish\u00ebs ishte avokati, Genc Gjokutaj. Gjokutaj \u00ebsht\u00eb shprehur se vendimi i parlamentit \u00ebsht\u00eb anti-kushtetues pasi nuk u bajt relacion dhe neni 78 i Kushtetut\u00ebs &hellip;<\/p>\n","protected":false},"author":4,"featured_media":59900,"comment_status":"closed","ping_status":"closed","sticky":false,"template":"","format":"standard","meta":{"footnotes":""},"categories":[37],"tags":[],"class_list":["post-67106","post","type-post","status-publish","format-standard","has-post-thumbnail","","category-politike"],"_links":{"self":[{"href":"https:\/\/rdnews.al\/index.php\/wp-json\/wp\/v2\/posts\/67106","targetHints":{"allow":["GET"]}}],"collection":[{"href":"https:\/\/rdnews.al\/index.php\/wp-json\/wp\/v2\/posts"}],"about":[{"href":"https:\/\/rdnews.al\/index.php\/wp-json\/wp\/v2\/types\/post"}],"author":[{"embeddable":true,"href":"https:\/\/rdnews.al\/index.php\/wp-json\/wp\/v2\/users\/4"}],"replies":[{"embeddable":true,"href":"https:\/\/rdnews.al\/index.php\/wp-json\/wp\/v2\/comments?post=67106"}],"version-history":[{"count":0,"href":"https:\/\/rdnews.al\/index.php\/wp-json\/wp\/v2\/posts\/67106\/revisions"}],"wp:featuredmedia":[{"embeddable":true,"href":"https:\/\/rdnews.al\/index.php\/wp-json\/wp\/v2\/media\/59900"}],"wp:attachment":[{"href":"https:\/\/rdnews.al\/index.php\/wp-json\/wp\/v2\/media?parent=67106"}],"wp:term":[{"taxonomy":"category","embeddable":true,"href":"https:\/\/rdnews.al\/index.php\/wp-json\/wp\/v2\/categories?post=67106"},{"taxonomy":"post_tag","embeddable":true,"href":"https:\/\/rdnews.al\/index.php\/wp-json\/wp\/v2\/tags?post=67106"}],"curies":[{"name":"wp","href":"https:\/\/api.w.org\/{rel}","templated":true}]}}