{"id":67121,"date":"2023-12-22T10:03:57","date_gmt":"2023-12-22T10:03:57","guid":{"rendered":"https:\/\/rdnews.al\/?p=67121"},"modified":"2023-12-22T10:03:57","modified_gmt":"2023-12-22T10:03:57","slug":"vazhdon-ikja-nga-kolera-12-mije-kerkesa-per-azil-ne-be-ne-9-muaj","status":"publish","type":"post","link":"https:\/\/rdnews.al\/index.php\/2023\/12\/22\/vazhdon-ikja-nga-kolera-12-mije-kerkesa-per-azil-ne-be-ne-9-muaj\/","title":{"rendered":"Vazhdon ikja nga kolera, 12 mij\u00eb k\u00ebrkesa p\u00ebr azil n\u00eb BE n\u00eb 9 muaj"},"content":{"rendered":"<p>Ndon\u00ebse me ritme m\u00eb t\u00eb ngadal\u00ebsuara n\u00eb krahasim me dy vitet e m\u00ebparshme, shum\u00eb shtetas shqiptar\u00eb vijojn\u00eb t\u00eb k\u00ebrkojn\u00eb azil n\u00eb nj\u00eb nga vendet e Bashkimit Europian edhe n\u00eb 2023.<\/p>\n<p>T\u00eb dh\u00ebnat e fundit t\u00eb publikuara nga Eurostat tregojn\u00eb se p\u00ebr periudh\u00ebn janar-shtator, aplikimet e shtetasve shqiptar\u00eb p\u00ebr azil ishin gati 12 mij\u00eb (11,865). N\u00eb krahasim me vitin 2022, kur u sh\u00ebnua niveli m\u00eb i lart\u00eb i pas pandemis\u00eb, k\u00ebrkesat p\u00ebr azil kan\u00eb r\u00ebn\u00eb me 32%, duke treguar p\u00ebr nj\u00eb rit\u00ebm m\u00eb t\u00eb ul\u00ebt t\u00eb ikjeve n\u00eb raport me vitin e m\u00ebparsh\u00ebm.<\/p>\n<p>Gjithsesi, n\u00eb shtator u konstatua s\u00ebrish nj\u00eb rritje e fluksit n\u00eb krahasim me muajt e m\u00ebparsh\u00ebm. N\u00eb shtator, k\u00ebrkesat p\u00ebr azil arrit\u00ebn n\u00eb 1240, q\u00eb \u00ebsht\u00eb niveli m\u00eb i lart\u00eb q\u00eb nga muaji mars, kur kishte mbi 1500 aplikime. N\u00eb gusht niveli i aplikimeve kishte r\u00ebn\u00eb n\u00eb rreth nj\u00eb mij\u00eb.<\/p>\n<p>P\u00ebrgjith\u00ebsisht, rreth 60% e atyre q\u00eb k\u00ebrkojn\u00eb azil aplikojn\u00eb p\u00ebr her\u00eb t\u00eb par\u00eb, nd\u00ebrsa pjesa tjet\u00ebr jan\u00eb riaplikime.<\/p>\n<p>Franca vijon q\u00eb t\u00eb jet\u00eb shteti kryesor ku drejtohen shtetasit shqiptar\u00eb q\u00eb duan t\u00eb k\u00ebrkojn\u00eb azil, si rrjedhoj\u00eb e politikave m\u00eb sociale q\u00eb ai ndjek.\u00a0 N\u00eb vend t\u00eb dyt\u00eb \u00ebsht\u00eb Gjermania, e ndjekur nga Italia.<\/p>\n<p><img loading=\"lazy\" decoding=\"async\" class=\"alignnone size-medium wp-image-67122\" src=\"https:\/\/rdnews.al\/wp-content\/uploads\/2023\/12\/1-27-300x156.jpg\" alt=\"\" width=\"300\" height=\"156\" srcset=\"https:\/\/rdnews.al\/wp-content\/uploads\/2023\/12\/1-27-300x156.jpg 300w, https:\/\/rdnews.al\/wp-content\/uploads\/2023\/12\/1-27.jpg 630w\" sizes=\"auto, (max-width: 300px) 100vw, 300px\" \/><\/p>\n<p><strong>K\u00ebrkesat p\u00ebr azil n\u00eb Europ\u00eb<\/strong><\/p>\n<p>Sipas Eurostat n\u00eb muajin shtator t\u00eb k\u00ebtij viti 98 240 shtetas jo t\u00eb BE-s\u00eb aplikuan p\u00ebr mbrojtje nd\u00ebrkomb\u00ebtare n\u00eb vendet e BE-s\u00eb, nj\u00eb rritje prej 10% krahasuar me shtatorin 2022 (89 370).<\/p>\n<p>Kishte gjithashtu 5 265 aplikime t\u00eb p\u00ebrs\u00ebritshme, nj\u00eb r\u00ebnie prej 20% krahasuar me shtatorin e vitit t\u00eb kaluar (6 555).<\/p>\n<p><strong>Shtetasit sirian\u00eb mbeten grupi m\u00eb i madh i azilk\u00ebrkuesve<\/strong><\/p>\n<p>Ashtu si n\u00eb muajt e m\u00ebparsh\u00ebm, n\u00eb shtator 2023, sirian\u00ebt vazhduan t\u00eb ishin grupi m\u00eb i madh i njer\u00ebzve q\u00eb k\u00ebrkonin azil (19 220 aplikant\u00eb p\u00ebr her\u00eb t\u00eb par\u00eb). Pas tyre vinin turqit (10 200), ndjekur nga afgan\u00ebt (9 215), venezuelasit (5 290) dhe kolumbian\u00ebt (5 230).<\/p>\n<p><strong>Gjermania, Spanja, Franca dhe Italia mor\u00ebn 67% t\u00eb t\u00eb gjith\u00eb aplikimeve p\u00ebr azil p\u00ebr her\u00eb t\u00eb pare<\/strong><\/p>\n<p>Ngjash\u00ebm me muajt e m\u00ebparsh\u00ebm, n\u00eb shtator 2023, Gjermania (27 885), Spanja (13 395), Franca (13 100) dhe Italia (11 930) vazhduan t\u00eb marrin numrin m\u00eb t\u00eb madh t\u00eb aplikimeve p\u00ebr azil p\u00ebr her\u00eb t\u00eb par\u00eb, duke p\u00ebrb\u00ebr\u00eb 67% t\u00eb t\u00eb gjith\u00eb aplikant\u00ebt p\u00ebr her\u00eb t\u00eb par\u00eb n\u00eb BE.<\/p>\n<p>N\u00eb shtator 2023, totali i BE-s\u00eb i aplikant\u00ebve p\u00ebr her\u00eb t\u00eb par\u00eb p\u00ebr azil ishte 21.9 p\u00ebr nj\u00ebqind mij\u00eb njer\u00ebz. Krahasuar me popullsin\u00eb e \u00e7do vendi t\u00eb BE-s\u00eb (m\u00eb 1 janar 2023), shkalla m\u00eb e lart\u00eb e aplikant\u00ebve t\u00eb regjistruar p\u00ebr her\u00eb t\u00eb par\u00eb n\u00eb shtator 2023 u regjistrua n\u00eb Austri (87.6 aplikant\u00eb p\u00ebr nj\u00ebqind mij\u00eb njer\u00ebz), e ndjekur nga Qiproja (79.3) dhe Greqia (74.7 ). Nd\u00ebrsa shkalla m\u00eb e ul\u00ebt \u00ebsht\u00eb v\u00ebrejtur n\u00eb Hungari (0.03).<\/p>\n<p><strong>4 055 t\u00eb mitur t\u00eb pashoq\u00ebruar q\u00eb aplikojn\u00eb p\u00ebr azil n\u00eb vendet e BE-s\u00eb<\/strong><\/p>\n<p>N\u00eb shtator 2023, 4 055 t\u00eb mitur t\u00eb pashoq\u00ebruar aplikuan p\u00ebr azil p\u00ebr her\u00eb t\u00eb par\u00eb n\u00eb BE, kryesisht nga Siria (1 575) dhe Afganistani (980).<\/p>\n<p>Vendet e BE-s\u00eb q\u00eb mor\u00ebn numrin m\u00eb t\u00eb madh t\u00eb k\u00ebrkesave p\u00ebr azil nga t\u00eb miturit e pashoq\u00ebruar ishin Holanda (910), e ndjekur nga Gjermania (775), Austria (705), Bullgaria (490) dhe Greqia (380).\/<strong>Monitor<\/strong><\/p>\n","protected":false},"excerpt":{"rendered":"<p>Ndon\u00ebse me ritme m\u00eb t\u00eb ngadal\u00ebsuara n\u00eb krahasim me dy vitet e m\u00ebparshme, shum\u00eb shtetas shqiptar\u00eb vijojn\u00eb t\u00eb k\u00ebrkojn\u00eb azil n\u00eb nj\u00eb nga vendet e Bashkimit Europian edhe n\u00eb 2023. T\u00eb dh\u00ebnat e fundit t\u00eb publikuara nga Eurostat tregojn\u00eb se p\u00ebr periudh\u00ebn janar-shtator, aplikimet e shtetasve shqiptar\u00eb p\u00ebr azil ishin gati 12 mij\u00eb (11,865). N\u00eb &hellip;<\/p>\n","protected":false},"author":4,"featured_media":67123,"comment_status":"closed","ping_status":"closed","sticky":false,"template":"","format":"standard","meta":{"footnotes":""},"categories":[37],"tags":[],"class_list":["post-67121","post","type-post","status-publish","format-standard","has-post-thumbnail","","category-politike"],"_links":{"self":[{"href":"https:\/\/rdnews.al\/index.php\/wp-json\/wp\/v2\/posts\/67121","targetHints":{"allow":["GET"]}}],"collection":[{"href":"https:\/\/rdnews.al\/index.php\/wp-json\/wp\/v2\/posts"}],"about":[{"href":"https:\/\/rdnews.al\/index.php\/wp-json\/wp\/v2\/types\/post"}],"author":[{"embeddable":true,"href":"https:\/\/rdnews.al\/index.php\/wp-json\/wp\/v2\/users\/4"}],"replies":[{"embeddable":true,"href":"https:\/\/rdnews.al\/index.php\/wp-json\/wp\/v2\/comments?post=67121"}],"version-history":[{"count":0,"href":"https:\/\/rdnews.al\/index.php\/wp-json\/wp\/v2\/posts\/67121\/revisions"}],"wp:featuredmedia":[{"embeddable":true,"href":"https:\/\/rdnews.al\/index.php\/wp-json\/wp\/v2\/media\/67123"}],"wp:attachment":[{"href":"https:\/\/rdnews.al\/index.php\/wp-json\/wp\/v2\/media?parent=67121"}],"wp:term":[{"taxonomy":"category","embeddable":true,"href":"https:\/\/rdnews.al\/index.php\/wp-json\/wp\/v2\/categories?post=67121"},{"taxonomy":"post_tag","embeddable":true,"href":"https:\/\/rdnews.al\/index.php\/wp-json\/wp\/v2\/tags?post=67121"}],"curies":[{"name":"wp","href":"https:\/\/api.w.org\/{rel}","templated":true}]}}