{"id":67134,"date":"2023-12-22T10:51:52","date_gmt":"2023-12-22T10:51:52","guid":{"rendered":"https:\/\/rdnews.al\/?p=67134"},"modified":"2023-12-22T10:54:48","modified_gmt":"2023-12-22T10:54:48","slug":"berisha-skapistet-fshehen-kontraten-e-familjes-begeja-me-kompanine-ndertuese-ne-vitin-2007","status":"publish","type":"post","link":"https:\/\/rdnews.al\/index.php\/2023\/12\/22\/berisha-skapistet-fshehen-kontraten-e-familjes-begeja-me-kompanine-ndertuese-ne-vitin-2007\/","title":{"rendered":"Berisha: Skapist\u00ebt fsheh\u00ebn kontrat\u00ebn e familjes Begeja me kompanin\u00eb nd\u00ebrtuese n\u00eb vitin 2007"},"content":{"rendered":"<p>Kryetari i PD, Sali Berisha than \u00eb konferenc\u00ebn p\u00ebr shtyp se, skapist\u00ebt fsheh\u00ebn kontrat\u00ebn e familjes Begeja me kompanin\u00eb nd\u00ebrtuese n\u00eb vitin 2007.<br \/>\n\u201cTani vijm\u00eb te skandali i tyre i madh, nd\u00ebrrimi i destinacionit.<br \/>\nCilido q\u00eb njeh doktrin\u00ebn e qeverisjes vendore, e territorit dhe urbanistik\u00ebs, e ka t\u00eb qart\u00eb se k\u00ebto t\u00eb gjitha jan\u00eb kompetenca dhe atribute strikt t\u00eb qeverisjes vendore. Jan\u00eb strikt t\u00eb qeverisjes vendore.<br \/>\nNuk mundet kurr\u00eb qeveria t\u00eb marr\u00eb nj\u00eb pron\u00eb nga bashkia dhe t\u2019i ndryshoj\u00eb destinacionin ose ta p\u00ebrdor\u00eb p\u00ebr q\u00ebllimet q\u00eb ajo do. \u00cbsht\u00eb bashkia q\u00eb vendos p\u00ebr fatin e pronave n\u00eb territorin e saj.<br \/>\nN\u00eb k\u00ebt\u00eb kontekst, Edi Rama, ndon\u00ebse kjo pron\u00eb ishte e regjistruar n\u00eb regjistrat e ushtris\u00eb, ai vendos n\u00eb koh\u00ebn kur nuk iu ishte kthyer pronar\u00ebve akoma, vendos ndryshimin e destinacionit, nj\u00eb pjese t\u00eb saj, nga sportive n\u00eb urbane, n\u00eb zon\u00eb nd\u00ebrtimesh.<br \/>\nEdi Rama k\u00ebt\u00eb vendim e merr me dat\u00ebn 8 qershor t\u00eb vitit 2006. Mund\u00ebsia ose pamund\u00ebsia e qeveris\u00eb p\u00ebr t\u00eb nd\u00ebrhyr\u00eb n\u00eb planet e qeveris\u00eb lokale d\u00ebshmohet nga fakti se kur un\u00eb b\u00ebra nj\u00eb nd\u00ebrhyrje p\u00ebr efekte t\u00eb siguris\u00eb s\u00eb jet\u00ebs s\u00eb qytetar\u00ebve te ai b\u00ebrdungull q\u00eb po nd\u00ebrtonte te Zogu i Zi, un\u00eb nuk kisha hap\u00ebsir\u00eb ligjore dhe u detyrova t\u00eb krijoj hap\u00ebsir\u00ebn ligjore. Hartova dhe firmosa nj\u00eb akt normativ, i cili lejonte qeverin\u00eb qendrore t\u00eb nd\u00ebrhynte n\u00eb projektet e qeveris\u00eb vendore.<br \/>\nEdi Rama shfryt\u00ebzoi t\u00eb gjitha lidhjet, solli k\u00ebtu presidentin e Kongresit t\u00eb Autoriteteve Europiane Lokale dhe Rajonale. Ky zot\u00ebria, q\u00eb ishte nj\u00eb majtist i pakorrigjuesh\u00ebm, l\u00ebshon nj\u00eb deklarat\u00eb n\u00eb mb\u00ebshtetje totale t\u00eb Edi Ram\u00ebs dhe i k\u00ebrkon Gjykat\u00ebs Kushtetuese t\u00eb marr\u00eb pozicion.<br \/>\nGjykata Kushtetuese, \u00e7far\u00eb b\u00ebri? S\u00eb pari, shfryt\u00ebzoi nj\u00eb defekt burokratik t\u00eb aktit normativ, i cili ishte vonuar n\u00eb miratim dhe e shpalli me dat\u00ebn 10 n\u00ebntor t\u00eb pavlefsh\u00ebm. N\u00eb k\u00ebt\u00eb m\u00ebnyr\u00eb un\u00eb humba \u00e7do baz\u00eb ligjore p\u00ebr t\u00eb nd\u00ebrhyr\u00eb n\u00eb planet e Bashkis\u00eb s\u00eb Tiran\u00ebs.<br \/>\nT\u00eb dekretoja p\u00ebr s\u00eb dyti, ajo nuk b\u00ebnte. Un\u00eb b\u00ebja nj\u00eb karsh\u00ebllik ndaj nj\u00eb institucioni q\u00eb e kam pasur \u00ebnd\u00ebrr t\u00eb an\u00ebtar\u00ebsohemi.<br \/>\nNdaj dhe un\u00eb firmosa jo nj\u00eb ndryshim, por n\u00eb k\u00ebt\u00eb mbledhje jan\u00eb b\u00ebr\u00eb tre ndryshime destinacioni. Dhe gjat\u00eb vitit 2006, n\u00eb total jan\u00eb b\u00ebr\u00eb 10 ndryshime destinacioni. Un\u00eb nuk kisha m\u00eb forc\u00eb dhe as pushtet t\u2019i nd\u00ebrhyja atij dhe \u00e7do akt konsiderohej shp\u00ebrdorim detyre nga ana ime.<br \/>\n20 dit\u00eb m\u00eb von\u00eb, dmth nga firma q\u00eb b\u00ebra pasi m\u00eb hoq\u00ebn dekretin, Gjykata Kushtetuese i hoqi \u00e7do t\u00eb drejt\u00eb, askush nuk mund t\u00eb nd\u00ebrhynte p\u00ebrve\u00e7 gjykat\u00ebs n\u00eb vendimet e K\u00ebshillit t\u00eb Rregullimit t\u00eb Territorit t\u00eb Tiran\u00ebs.<br \/>\nKan\u00eb fshehur skapist\u00ebt kontrat\u00ebn e familjes Begeja me kompanin\u00eb nd\u00ebrtuese n\u00eb vitin 2007, ku parashikohej se cilido nga familjar\u00ebt e k\u00ebsaj familje, mund t\u00eb hynte n\u00eb bashk\u00ebinvestim deri n\u00eb 25 p\u00ebrqind.<br \/>\nKush ka dasht\u00eb, Jamarb\u00ebr Malltezi ka dashur, t\u00eb tjer\u00eb nuk kan\u00eb dashur. Kan\u00eb shitur pron\u00ebn, kan\u00eb preferuar forma t\u00eb tjera p\u00ebrfitimi prej saj.<br \/>\nNj\u00eb gj\u00eb \u00ebsht\u00eb e sigurt, n\u00eb at\u00eb koh\u00eb vendndodhja nuk ishte kaq elitare dhe e dyta aty kishte 42 nd\u00ebrtime pushtuese banor\u00ebsh, ishte shnd\u00ebrruar n\u00eb nj\u00eb fshat t\u00eb themi me 42 nd\u00ebrtime t\u00eb paligjshme. K\u00ebshtu q\u00eb t\u00eb tjer\u00ebt nuk preferuan t\u00eb b\u00ebhen bashk\u00ebinvestitor\u00eb. Por kan\u00eb pasur marr\u00ebveshjen, kan\u00eb pasur t\u00eb hapur dyert cilido q\u00eb ka dashur\u201d, tha Berisha.<\/p>\n<p><img loading=\"lazy\" decoding=\"async\" class=\"alignnone size-medium wp-image-67136\" src=\"https:\/\/rdnews.al\/wp-content\/uploads\/2023\/12\/1-28-225x300.jpg\" alt=\"\" width=\"225\" height=\"300\" srcset=\"https:\/\/rdnews.al\/wp-content\/uploads\/2023\/12\/1-28-225x300.jpg 225w, https:\/\/rdnews.al\/wp-content\/uploads\/2023\/12\/1-28-768x1024.jpg 768w, https:\/\/rdnews.al\/wp-content\/uploads\/2023\/12\/1-28-1152x1536.jpg 1152w, https:\/\/rdnews.al\/wp-content\/uploads\/2023\/12\/1-28.jpg 1200w\" sizes=\"auto, (max-width: 225px) 100vw, 225px\" \/><\/p>\n","protected":false},"excerpt":{"rendered":"<p>Kryetari i PD, Sali Berisha than \u00eb konferenc\u00ebn p\u00ebr shtyp se, skapist\u00ebt fsheh\u00ebn kontrat\u00ebn e familjes Begeja me kompanin\u00eb nd\u00ebrtuese n\u00eb vitin 2007. \u201cTani vijm\u00eb te skandali i tyre i madh, nd\u00ebrrimi i destinacionit. Cilido q\u00eb njeh doktrin\u00ebn e qeverisjes vendore, e territorit dhe urbanistik\u00ebs, e ka t\u00eb qart\u00eb se k\u00ebto t\u00eb gjitha jan\u00eb kompetenca &hellip;<\/p>\n","protected":false},"author":4,"featured_media":67138,"comment_status":"closed","ping_status":"closed","sticky":false,"template":"","format":"standard","meta":{"footnotes":""},"categories":[37],"tags":[],"class_list":["post-67134","post","type-post","status-publish","format-standard","has-post-thumbnail","","category-politike"],"_links":{"self":[{"href":"https:\/\/rdnews.al\/index.php\/wp-json\/wp\/v2\/posts\/67134","targetHints":{"allow":["GET"]}}],"collection":[{"href":"https:\/\/rdnews.al\/index.php\/wp-json\/wp\/v2\/posts"}],"about":[{"href":"https:\/\/rdnews.al\/index.php\/wp-json\/wp\/v2\/types\/post"}],"author":[{"embeddable":true,"href":"https:\/\/rdnews.al\/index.php\/wp-json\/wp\/v2\/users\/4"}],"replies":[{"embeddable":true,"href":"https:\/\/rdnews.al\/index.php\/wp-json\/wp\/v2\/comments?post=67134"}],"version-history":[{"count":0,"href":"https:\/\/rdnews.al\/index.php\/wp-json\/wp\/v2\/posts\/67134\/revisions"}],"wp:featuredmedia":[{"embeddable":true,"href":"https:\/\/rdnews.al\/index.php\/wp-json\/wp\/v2\/media\/67138"}],"wp:attachment":[{"href":"https:\/\/rdnews.al\/index.php\/wp-json\/wp\/v2\/media?parent=67134"}],"wp:term":[{"taxonomy":"category","embeddable":true,"href":"https:\/\/rdnews.al\/index.php\/wp-json\/wp\/v2\/categories?post=67134"},{"taxonomy":"post_tag","embeddable":true,"href":"https:\/\/rdnews.al\/index.php\/wp-json\/wp\/v2\/tags?post=67134"}],"curies":[{"name":"wp","href":"https:\/\/api.w.org\/{rel}","templated":true}]}}