{"id":67146,"date":"2023-12-22T11:24:23","date_gmt":"2023-12-22T11:24:23","guid":{"rendered":"https:\/\/rdnews.al\/?p=67146"},"modified":"2023-12-22T11:24:23","modified_gmt":"2023-12-22T11:24:23","slug":"berisha-asnje-terheqje-ramen-do-ta-kerrej-nga-pushteti-kriminal-nuk-do-mund-ta-kontrolloje-opoziten","status":"publish","type":"post","link":"https:\/\/rdnews.al\/index.php\/2023\/12\/22\/berisha-asnje-terheqje-ramen-do-ta-kerrej-nga-pushteti-kriminal-nuk-do-mund-ta-kontrolloje-opoziten\/","title":{"rendered":"Berisha: Asnj\u00eb t\u00ebrheqje, Ram\u00ebn do ta k\u00ebrrej nga pushteti kriminal, nuk do mund ta kontrolloj\u00eb opozit\u00ebn"},"content":{"rendered":"<p>Kryetari i PD, Sali Berisha, teksa u pyet se \u00e7far\u00eb do t\u00eb ndodh\u00eb n\u00ebse ai do t\u00eb arrestohet, pohoi se ai do t\u00eb p\u00ebrkushtohet p\u00ebr fitoren e opozit\u00ebs n\u00eb zgjedhjet e 2025-\u00ebs.<\/p>\n<p>N\u00eb nj\u00eb konferenc\u00eb p\u00ebr mediat, Berisha tha se ai nuk do t\u00eb t\u00ebrhiqet.<\/p>\n<p>\u201cKjo ishte protest\u00eb; aty p\u00ebr aty. A e d\u00ebgjuat ju si tha ajo; tja heqim shpejt e shpejt, se jan\u00eb njer\u00ebzit aty. Rama \u00ebsht\u00eb n\u00eb mandatin e tret\u00eb t\u00eb vjedhur. Asnj\u00eb skenar! \u00c7far\u00ebdo lloj skenari q\u00eb mund t\u00eb nd\u00ebrmarr\u00eb Edi Rama nuk m\u00eb devijon mua qoft\u00eb nj\u00eb milimet\u00ebr nga vendosm\u00ebria p\u00ebr ta k\u00ebrryer at\u00eb nga pushteti kriminal. Ai po vjedh, nuk po qeveris. Ai b\u00ebn vet\u00ebm pazare, por un\u00eb nuk jam njeri i pazareve. Nuk diskutohet, q\u00eb jo un\u00eb t\u00eb t\u00ebrhiqem, por do t\u00eb p\u00ebrkushtohem n\u00eb t\u00eb gjith\u00eb potencialin tim p\u00ebr nj\u00eb fitore t\u00eb shk\u00eblqyer t\u00eb opozit\u00ebs. Nuk mund ta vendos\u00eb kush n\u00eb kontroll opozit\u00ebs.\u201d, tha ai.<\/p>\n","protected":false},"excerpt":{"rendered":"<p>Kryetari i PD, Sali Berisha, teksa u pyet se \u00e7far\u00eb do t\u00eb ndodh\u00eb n\u00ebse ai do t\u00eb arrestohet, pohoi se ai do t\u00eb p\u00ebrkushtohet p\u00ebr fitoren e opozit\u00ebs n\u00eb zgjedhjet e 2025-\u00ebs. N\u00eb nj\u00eb konferenc\u00eb p\u00ebr mediat, Berisha tha se ai nuk do t\u00eb t\u00ebrhiqet. \u201cKjo ishte protest\u00eb; aty p\u00ebr aty. A e d\u00ebgjuat ju &hellip;<\/p>\n","protected":false},"author":4,"featured_media":67147,"comment_status":"closed","ping_status":"closed","sticky":false,"template":"","format":"standard","meta":{"footnotes":""},"categories":[37],"tags":[],"class_list":["post-67146","post","type-post","status-publish","format-standard","has-post-thumbnail","","category-politike"],"_links":{"self":[{"href":"https:\/\/rdnews.al\/index.php\/wp-json\/wp\/v2\/posts\/67146","targetHints":{"allow":["GET"]}}],"collection":[{"href":"https:\/\/rdnews.al\/index.php\/wp-json\/wp\/v2\/posts"}],"about":[{"href":"https:\/\/rdnews.al\/index.php\/wp-json\/wp\/v2\/types\/post"}],"author":[{"embeddable":true,"href":"https:\/\/rdnews.al\/index.php\/wp-json\/wp\/v2\/users\/4"}],"replies":[{"embeddable":true,"href":"https:\/\/rdnews.al\/index.php\/wp-json\/wp\/v2\/comments?post=67146"}],"version-history":[{"count":0,"href":"https:\/\/rdnews.al\/index.php\/wp-json\/wp\/v2\/posts\/67146\/revisions"}],"wp:featuredmedia":[{"embeddable":true,"href":"https:\/\/rdnews.al\/index.php\/wp-json\/wp\/v2\/media\/67147"}],"wp:attachment":[{"href":"https:\/\/rdnews.al\/index.php\/wp-json\/wp\/v2\/media?parent=67146"}],"wp:term":[{"taxonomy":"category","embeddable":true,"href":"https:\/\/rdnews.al\/index.php\/wp-json\/wp\/v2\/categories?post=67146"},{"taxonomy":"post_tag","embeddable":true,"href":"https:\/\/rdnews.al\/index.php\/wp-json\/wp\/v2\/tags?post=67146"}],"curies":[{"name":"wp","href":"https:\/\/api.w.org\/{rel}","templated":true}]}}