{"id":67149,"date":"2023-12-22T11:28:40","date_gmt":"2023-12-22T11:28:40","guid":{"rendered":"https:\/\/rdnews.al\/?p=67149"},"modified":"2023-12-22T11:29:46","modified_gmt":"2023-12-22T11:29:46","slug":"berisha-aktin-me-te-rende-ne-historine-e-ketij-vendi-e-ka-kryer-gjykata-kushtetuese","status":"publish","type":"post","link":"https:\/\/rdnews.al\/index.php\/2023\/12\/22\/berisha-aktin-me-te-rende-ne-historine-e-ketij-vendi-e-ka-kryer-gjykata-kushtetuese\/","title":{"rendered":"Berisha: Aktin m\u00eb t\u00eb r\u00ebnd\u00eb n\u00eb historin\u00eb e k\u00ebtij vendi e ka kryer Gjykata Kushtetuese!"},"content":{"rendered":"<p>Kryetari i PD, Sali Berisha tha n\u00eb konferenc\u00ebn p\u00ebr shtyp se, aktin m\u00eb t\u00eb r\u00ebnd\u00eb n\u00eb historin\u00eb e k\u00ebtij vendi e ka kryer Gjykata Kushtetuese. Berisha tha se, ky p\u00ebrb\u00ebn p\u00ebrmbysjen reale t\u00eb rendit kushtetuese.<br \/>\n\u201cSi\u00e7 keni konstatuar, ky proces nisi gjith\u00e7ka mbi k\u00ebt\u00eb piramid\u00eb mashtrimi q\u00eb un\u00eb paraqita para jush.<br \/>\nKy proces vazhdoi me shpalljen e masave shtr\u00ebnguese ndaj meje, duke shkelmuar me dy k\u00ebmb\u00eb Kushtetut\u00ebn, nenin 73, pika 2 dhe nenin 38, pika 3 t\u00eb Kushtetut\u00ebs.<br \/>\nMe k\u00ebt\u00eb akt, dmth n\u00eb 32 vite pluraliz\u00ebm, \u00e7do k\u00ebrkes\u00eb, \u00e7do mas\u00eb shtr\u00ebnguese, cilado q\u00eb t\u00eb ket\u00eb qen\u00eb ajo, \u00ebsht\u00eb vendosur vet\u00ebm pasi \u00ebsht\u00eb marr\u00eb miratimi i parlamentit. Dhe nuk ka njeri q\u00eb mund t\u00eb gjej\u00eb nj\u00eb rast t\u00eb vet\u00ebm n\u00eb 32 vite q\u00eb t\u00eb ket\u00eb ndodhur kjo.<br \/>\nE them k\u00ebt\u00eb p\u00ebr t\u00eb kuptuar pse un\u00eb nuk mund t\u00eb pranoja shkeljen e Kushtetut\u00ebs.<br \/>\nE dyta, marrim momentin n\u00eb vazhdim. P\u00ebr shkak t\u00eb refuzimit p\u00ebr t\u00eb mbrojtur Kushtetut\u00ebn dhe pushtetin e parlamentit, un\u00eb nuk zbatova vendimet, por ndoqa rrug\u00ebn p\u00ebr t\u00eb mos injoruar simbolikisht k\u00ebto institucione t\u00eb kapura fund e krye, ndoqa rrug\u00ebn e ankimit me avoket\u00ebrit.<br \/>\nVazhdojm\u00eb etap\u00ebn tjet\u00ebr, ket\u00eb jo vet\u00ebm nuk t\u00ebrhiqen, por n\u00eb m\u00ebnyr\u00eb unike i drejtohen Kuvendit me k\u00ebrkes\u00ebn p\u00ebr t\u00eb renduar mas\u00ebn se ky nuk ka zbatuar mas\u00ebn.<br \/>\nT\u00eb garantoj q\u00eb shum\u00eb zor q\u00eb Sigurimi i Shtetit t\u00eb guxonte deri k\u00ebtu. I kishte kufijt\u00eb e veta, ai guxonte vet\u00ebm po t\u2019i thoshte Enver Hoxha.<br \/>\nKur pash\u00eb se skapist\u00ebt i k\u00ebrkuan parlamentit at\u00eb q\u00eb nuk mund t\u2019ia k\u00ebrkonin kurr\u00eb, legalizimin e mas\u00ebs s\u00eb tyre t\u00eb paligjshme, un\u00eb refuzova t\u00eb shkoj n\u00eb komision. Deklarova se komisioni mblidhet p\u00ebr t\u00eb legalizuar nj\u00eb vendim t\u00eb paligjsh\u00ebm.<br \/>\nA mundet q\u00eb nj\u00eb komision parlamentar, q\u00eb \u00ebsht\u00eb p\u00ebr shkak t\u00eb pushtetit ligjv\u00ebn\u00ebs, bart\u00ebs kryesor i sovranitetit t\u00eb vendit, t\u00eb posht\u00ebrohet n\u00eb k\u00ebt\u00eb m\u00ebnyr\u00eb?<br \/>\nProkuror\u00ebt special\u00eb e kishin t\u00eb hapur rrug\u00ebn t\u00eb \u00e7onin dosjen e plot\u00eb dhe t\u00eb thoshim se ne k\u00ebrkojm\u00eb k\u00ebt\u00eb masa.<br \/>\nKomisioni parlamentar, pa asnj\u00eb fakt t\u00eb paraqitur, pa asnj\u00eb prov\u00eb, asnj\u00eb dokument, n\u00eb tre or\u00eb e gjys\u00ebm avoket\u00ebrit e mi zb\u00ebrthyen gjith\u00e7ka dhe vendos\u00ebn pa u treguar shqiptar\u00ebve asnj\u00eb dokument p\u00ebr t\u2019iu n\u00ebnshtruar skapist\u00ebve t\u00eb Edi Ram\u00ebs.<br \/>\nA mund t\u00eb pranohej ky vendim? Kurr\u00eb!<br \/>\nKy komision p\u00ebrligji marrjen e pushtetit nga prokuror\u00eb dhe gjykat\u00ebs speciale me urdh\u00ebr t\u00eb Edi Ram\u00ebs t\u00eb parlamentit.<br \/>\nDeputet\u00ebt e opozit\u00ebs iu drejtuan Gjykat\u00ebs Kushtetuese, organit q\u00eb me Kushtetut\u00eb ka detyrimin t\u00eb shqyrtoj\u00eb konfliktualitetin e kompetencave mes pushteteve.<br \/>\nAktin m\u00eb t\u00eb r\u00ebnd\u00eb n\u00eb historin\u00eb e k\u00ebtij vendi e ka kryer Gjykata Kushtetuese. Jan\u00eb treguar njer\u00ebz me zero moral ligjor. Jan\u00eb treguar qenie mjerane, t\u00eb afta p\u00ebr \u00e7do akt.<br \/>\nLexoni nenin 134 t\u00eb Kushtetut\u00ebs. Ky nen p\u00ebrcakton se kush ka t\u00eb drejt\u00eb t\u2019i drejtohet Gjykat\u00ebs Kushtetuese. Ajo \u00ebsht\u00eb nj\u00eb e drejt\u00eb shum\u00eb e r\u00ebnd\u00ebsishme.<br \/>\nKy nen ia njeh presidentit, kryeministrit, Avokatit t\u00eb Popullit dhe nj\u00eb t\u00eb pest\u00ebs s\u00eb deputet\u00ebve. N\u00eb asnj\u00eb rresht, n\u00eb asnj\u00eb fjal\u00eb, n\u00eb asnj\u00eb rrokje nuk ia njeh Kuvendit. Zero Kuvendit.<br \/>\nKushtetuta pushtetet i ka t\u00eb ndara. Ligjv\u00ebn\u00ebs, gjyq\u00ebsor dhe ekzekutiv. Ligjv\u00ebn\u00ebs \u00ebsht\u00eb deputeti, kryetarja \u00ebsht\u00eb ligjv\u00ebn\u00ebse por jo si kryetare, por si deputete.<br \/>\nDhe k\u00ebta nxjerrin n\u00eb m\u00ebnyr\u00ebn m\u00eb skandaloze entitet t\u00eb barabart\u00eb me grupin, parlamenti. Ai nuk \u00ebsht\u00eb kurr\u00eb i till\u00eb.<br \/>\nKy akt i sh\u00ebmtuar \u00ebsht\u00eb p\u00ebrmbysje e frym\u00ebs kushtetuese q\u00eb garanton pluralizmin. Sepse nj\u00eb e pesta e deputet\u00ebve automatikisht \u00ebsht\u00eb pakica.<br \/>\nDhe nj\u00eb moment tjet\u00ebr, k\u00ebto shkojn\u00eb m\u00eb tej, k\u00ebrkesa e tyre nuk p\u00ebrputhet me interesin e tyre, thon\u00eb. Por Kushtetuta e barazon nj\u00eb t\u00eb pest\u00ebn me presidentin, me kryeministrin, me Avokatin e Popullit. K\u00ebta kan\u00eb t\u00eb drejt\u00eb t\u2019i drejtohen p\u00ebr \u00e7do problem Gjykat\u00ebs Kushtetuese.<br \/>\nShikoni tani se si p\u00ebshtyn n\u00eb surratin e vet gjykata. Kjo gjykat\u00eb, pik\u00ebrisht se \u00ebsht\u00eb ky parim, ka pranuar k\u00ebrkes\u00ebn ton\u00eb p\u00ebr protokollin mes qeveris\u00eb shqiptare dhe asaj italiane. Se Kushtetuta na ka dh\u00ebn\u00eb autorizimin q\u00eb t\u00eb \u00e7ojm\u00eb n\u00eb gjykat\u00eb \u00e7do problem t\u00eb r\u00ebnd\u00ebsish\u00ebm sipas gjykimit ton\u00eb.<br \/>\nA ka akt m\u00eb skandaloz se ky? Ky n\u00eb thelb p\u00ebrb\u00ebn p\u00ebrmbysjen reale t\u00eb rendit kushtetuese.<br \/>\nPse e p\u00ebrmbys? Sepse e p\u00ebrjashton pakic\u00ebn.<br \/>\nP\u00ebr ta p\u00ebrmbysur k\u00ebt\u00eb histori, se sh\u00ebmtia k\u00ebtu nuk ka fund.<br \/>\nNuk kan\u00eb interes n\u00eb k\u00ebt\u00eb histori, thon\u00eb. Si nuk paskja interes deputeti kur nuk ia marrin pushtetin? Kur gjykat\u00ebs dhe prokuror\u00eb marrin t\u00eb drejt\u00ebn e tij p\u00ebr t\u00eb votuar ose mos votuar autorizimin p\u00ebr imunitetin e deputetit? A mund ta shkruajn\u00eb njer\u00ebz normal\u00eb k\u00ebt\u00eb?<br \/>\nAta nuk jan\u00eb pa shkoll\u00eb, por ata njer\u00ebz jan\u00eb t\u00eb zhveshur nga \u00e7do integritet moral.<br \/>\nAkti i tyre \u00ebsht\u00eb m\u00eb i r\u00ebnd\u00eb n\u00eb historin\u00eb e gjyq\u00ebsorit shqiptar dhe n\u00eb historin\u00eb e jurisprudenc\u00ebs.<br \/>\nA mundet Sali Berisha t\u00eb pranoj\u00eb nj\u00eb akt t\u00eb till\u00eb, q\u00eb \u00ebsht\u00eb shprehje direkte e nj\u00eb pu\u00e7i, grushti shteti brenda shtetit nga Edi Rama dhe veglat e tij?<br \/>\nShkojm\u00eb n\u00eb parlament.<br \/>\nParlamenti, nuk jam kurr\u00eb q\u00eb t\u00eb mos votoj\u00eb p\u00ebr heqje imuniteti. Nuk kam bllokuar kurr\u00eb heqje imuniteti. Por dosjet duhet t\u2019i marr\u00ebsh se ti je institucion.<br \/>\nN\u00eb \u00e7do rast kan\u00eb ardhur dosje nga 300 deri n\u00eb 1800 faqe. Dokumenti p\u00ebr Sali Berish\u00ebn kishte 7 faqe.<br \/>\nUn\u00eb shkova p\u00ebr t\u00eb folur aty. \u00c7far\u00eb ndodhi aty? I them un\u00eb Lind\u00ebs s\u00eb parlamentit q\u00eb t\u00eb ik\u00eb garda. A mund t\u00eb flisja un\u00eb i rrethuar nga 40 gardist\u00eb t\u00eb kuq?<br \/>\nUn\u00eb i them, largo gardist\u00ebt q\u00eb t\u00eb flas. Do flisja, jo p\u00ebr at\u00eb, por p\u00ebr qytetar\u00ebt. Ajo sa me la goj\u00ebn, menj\u00ebher\u00eb kaloi n\u00eb votim.<br \/>\nAjo kishte detyrim t\u00eb lexonte raportin.<br \/>\nA ka ndodhur n\u00eb historin\u00eb e bot\u00ebs t\u00eb hiqet imuniteti pa lexuar raportin? Kjo ndodh vet\u00ebm n\u00eb parlamentin e Edi Ram\u00ebs.<br \/>\nPrandaj n\u00eb k\u00ebt\u00eb mo\u00e7al paligjshm\u00ebrie un\u00eb kam b\u00ebr\u00eb \u00e7do p\u00ebrpjekje q\u00eb mund t\u00eb b\u00ebj\u00eb nj\u00eb politikan q\u00eb e do ligjin dhe Kushtetut\u00ebn p\u00ebr t\u2019i mbrojtur ato\u201d, u shpreh Berisha.<\/p>\n","protected":false},"excerpt":{"rendered":"<p>Kryetari i PD, Sali Berisha tha n\u00eb konferenc\u00ebn p\u00ebr shtyp se, aktin m\u00eb t\u00eb r\u00ebnd\u00eb n\u00eb historin\u00eb e k\u00ebtij vendi e ka kryer Gjykata Kushtetuese. Berisha tha se, ky p\u00ebrb\u00ebn p\u00ebrmbysjen reale t\u00eb rendit kushtetuese. \u201cSi\u00e7 keni konstatuar, ky proces nisi gjith\u00e7ka mbi k\u00ebt\u00eb piramid\u00eb mashtrimi q\u00eb un\u00eb paraqita para jush. Ky proces vazhdoi me &hellip;<\/p>\n","protected":false},"author":4,"featured_media":67150,"comment_status":"closed","ping_status":"closed","sticky":false,"template":"","format":"standard","meta":{"footnotes":""},"categories":[37],"tags":[],"class_list":["post-67149","post","type-post","status-publish","format-standard","has-post-thumbnail","","category-politike"],"_links":{"self":[{"href":"https:\/\/rdnews.al\/index.php\/wp-json\/wp\/v2\/posts\/67149","targetHints":{"allow":["GET"]}}],"collection":[{"href":"https:\/\/rdnews.al\/index.php\/wp-json\/wp\/v2\/posts"}],"about":[{"href":"https:\/\/rdnews.al\/index.php\/wp-json\/wp\/v2\/types\/post"}],"author":[{"embeddable":true,"href":"https:\/\/rdnews.al\/index.php\/wp-json\/wp\/v2\/users\/4"}],"replies":[{"embeddable":true,"href":"https:\/\/rdnews.al\/index.php\/wp-json\/wp\/v2\/comments?post=67149"}],"version-history":[{"count":0,"href":"https:\/\/rdnews.al\/index.php\/wp-json\/wp\/v2\/posts\/67149\/revisions"}],"wp:featuredmedia":[{"embeddable":true,"href":"https:\/\/rdnews.al\/index.php\/wp-json\/wp\/v2\/media\/67150"}],"wp:attachment":[{"href":"https:\/\/rdnews.al\/index.php\/wp-json\/wp\/v2\/media?parent=67149"}],"wp:term":[{"taxonomy":"category","embeddable":true,"href":"https:\/\/rdnews.al\/index.php\/wp-json\/wp\/v2\/categories?post=67149"},{"taxonomy":"post_tag","embeddable":true,"href":"https:\/\/rdnews.al\/index.php\/wp-json\/wp\/v2\/tags?post=67149"}],"curies":[{"name":"wp","href":"https:\/\/api.w.org\/{rel}","templated":true}]}}