{"id":67162,"date":"2023-12-22T12:28:31","date_gmt":"2023-12-22T12:28:31","guid":{"rendered":"https:\/\/rdnews.al\/?p=67162"},"modified":"2023-12-22T12:28:31","modified_gmt":"2023-12-22T12:28:31","slug":"ai-eshte-sali-berisha-o-budallenj","status":"publish","type":"post","link":"https:\/\/rdnews.al\/index.php\/2023\/12\/22\/ai-eshte-sali-berisha-o-budallenj\/","title":{"rendered":"Ai \u00ebsht\u00eb Sali Berisha, o budallenj!"},"content":{"rendered":"<p><strong>Nga Isuf \u00c7ELAJ<\/strong><\/p>\n<p>Si\u00e7 thoshte Winston Churchill: &#8220;E v\u00ebrteta \u00ebsht\u00eb e padiskutueshme. Lig\u00ebsia mund ta sulmoj\u00eb, injoranca mund ta p\u00ebrqesh\u00eb, por n\u00eb fund ajo mbetet aty&#8221;.<\/p>\n<p>Profesor Doktor Sali Berisha, nuk \u00ebsht\u00eb thjesht individi Sali Berisha, por \u00ebsht\u00eb historia 33 vje\u00e7are e Partis\u00eb Demokratike. Histori kjo, q\u00eb ndryshe nga Partia e Pun\u00ebs, sot Sekti i Rilindjes, nuk ka asgj\u00eb p\u00ebr t\u00eb cilen ne si demokrat\u00eb ta mbajm\u00eb kok\u00ebn ulur.<\/p>\n<p>Paraardh\u00ebsit tan\u00eb gjenetik dhe politik dhe ne si demokrat\u00eb, nuk i kemi duart me gjak shqiptar\u00ebsh.<\/p>\n<p>Ne kemi nd\u00ebrtuar demokraci, jo shkat\u00ebrruar at\u00eb.<\/p>\n<p>Ne i kemi hapur dyert e Europ\u00ebs, jo mbyllur ato.<\/p>\n<p>Ne fut\u00ebm Shqip\u00ebrin\u00eb n\u00eb NATO dhe siguruam l\u00ebvizjen e lir\u00eb e pa viza n\u00eb hap\u00ebsir\u00ebn Shengen t\u00eb shqiptar\u00ebve.<\/p>\n<p>Ne iu kemi sh\u00ebrbyer interesave t\u00eb kombit, dhe nuk i kemi shitur kurr\u00eb ato.<\/p>\n<p>Ne kemi patur dhe kemi model demokracin\u00eb perendimore, jo diktatur\u00ebn dhe autokrat\u00ebt lindor\u00eb.<\/p>\n<p>Ne jemi njerez t\u00eb lir\u00eb, njerez me guxim dhe kurajo, njer\u00ebzit q\u00eb kund\u00ebrshtuan rregjimin dhe diktaur\u00ebn m\u00eb t\u00eb eger t\u00eb Europ\u00ebs dhe e p\u00ebrmbysem n\u00eb vitin \u201890. Kemi qen\u00eb dhe jemi ata q\u00eb luftojm\u00eb p\u00ebr dinjitet!<\/p>\n<p>Ne jemi pasardh\u00ebs t\u00eb njer\u00ebzve q\u00eb guxuan t&#8217;i thon\u00eb jo rregjimit, pasardh\u00ebs t\u00eb fisnik\u00ebris\u00eb shqiptare, t\u00eb elites intelektuale, t\u00eb persekutuar, internuar dhe pushkatuar nga parardhesit politik dhe gjenetik t\u00eb sektit t\u00eb rilindjes.<\/p>\n<p>Demokrat\u00ebt nuk jan\u00eb njerez t\u00eb rrjeshtit, por jan\u00eb njerez t\u00eb liris\u00eb, njerez me kurajo dhe guximtar\u00eb.<\/p>\n<p>Sali Berisha \u00ebsht\u00eb ai, q\u00eb ka l\u00ebn\u00eb gjurm\u00ebt m\u00eb t\u00eb r\u00ebnd\u00ebsishme n\u00eb momentet m\u00eb ky\u00e7e t\u00eb historis\u00eb son\u00eb t\u00eb pas viteve \u201890.<\/p>\n<p>Shpirtrat e m\u00ebdhenj gjithmon\u00eb jan\u00eb luftuar dhe kund\u00ebrshtuar nga mediokrit dhe meskin\u00ebt. Para personalitetit, dinjitetit, karakterit, atdhetarizmit dhe nd\u00ebrshmeris\u00eb s\u00eb Sali Berish\u00ebs, sekti i rilindjes, nj\u00eb mutacion komunist, ndofta ndihen edhe t\u00eb neveritur, ndihen si minj\u00ebt p\u00ebrball\u00eb luanit.<\/p>\n<p>Mund t\u00eb burgoset Sali Berisha, por nuk mundet kurr\u00eb t\u00eb burgoset demokracia, plurarizmi, fjala dhe shpirti i lir\u00eb i demokrat\u00ebve.<\/p>\n<p>Mund t\u00eb burgoset Sali Berisha, por nuk mundet kurr\u00eb m\u00eb, q\u00eb t\u00eb burgosen apo kufizohet padrejt\u00ebsisht liria e levizjes s\u00eb shqiptar\u00ebve.<\/p>\n<p>Mund t\u00eb burgoset Sali Berisha, por demokrat\u00ebt do t&#8217;ua rikthejn\u00eb edhe nj\u00eb her\u00eb shqiptar\u00ebve t\u00eb drejt\u00ebn p\u00ebr t\u00eb votuar t\u00eb lir\u00eb dhe me dinjitet, si qytetar europian dhe jo si qytetar\u00eb t\u00eb bot\u00ebs s\u00eb tret\u00eb.<\/p>\n<p>Mund t\u00eb burgoset Sali Berisha, por shqiptar\u00ebt e Shqip\u00ebris\u00eb dhe t\u00eb Kosov\u00ebs do t\u00eb jen\u00eb gjithnj\u00eb e m\u00eb t\u00eb bashkuar p\u00ebrkunder d\u00ebshir\u00ebs Vu\u00e7i\u00e7-Rama.<\/p>\n<p>Me gjith\u00eb zellin e pashoq t\u00eb rilindasve e sh\u00ebrb\u00ebtor\u00ebve dhe marjonetave t\u00eb tyre q\u00eb d\u00ebshirojn\u00eb ta shofim t\u00eb kryq\u00ebzuar si Krishtin Sali Berishen t\u00eb jeni t\u00eb bindur se Ai do t\u00eb \u201cringjallet\u201d dhe do t\u00eb jet\u00eb akoma m\u00eb i fort\u00eb e i vendosur n\u00eb misionin e Tij fisnik p\u00ebr kthimin e demokracis\u00eb e mbrojtjen e pluralizmit!<\/p>\n<p>Ka dh\u00ebn\u00eb prova Sali Berisha se Ai mund t\u00eb ngrihet nga hiri si nj\u00eb Sfinks i vertet\u00eb!<\/p>\n<p>Ai \u00ebsht\u00eb Sali Berisha o budallenj!<\/p>\n","protected":false},"excerpt":{"rendered":"<p>Nga Isuf \u00c7ELAJ Si\u00e7 thoshte Winston Churchill: &#8220;E v\u00ebrteta \u00ebsht\u00eb e padiskutueshme. Lig\u00ebsia mund ta sulmoj\u00eb, injoranca mund ta p\u00ebrqesh\u00eb, por n\u00eb fund ajo mbetet aty&#8221;. Profesor Doktor Sali Berisha, nuk \u00ebsht\u00eb thjesht individi Sali Berisha, por \u00ebsht\u00eb historia 33 vje\u00e7are e Partis\u00eb Demokratike. Histori kjo, q\u00eb ndryshe nga Partia e Pun\u00ebs, sot Sekti i &hellip;<\/p>\n","protected":false},"author":4,"featured_media":65341,"comment_status":"closed","ping_status":"closed","sticky":false,"template":"","format":"standard","meta":{"footnotes":""},"categories":[44],"tags":[],"class_list":["post-67162","post","type-post","status-publish","format-standard","has-post-thumbnail","","category-editorial"],"_links":{"self":[{"href":"https:\/\/rdnews.al\/index.php\/wp-json\/wp\/v2\/posts\/67162","targetHints":{"allow":["GET"]}}],"collection":[{"href":"https:\/\/rdnews.al\/index.php\/wp-json\/wp\/v2\/posts"}],"about":[{"href":"https:\/\/rdnews.al\/index.php\/wp-json\/wp\/v2\/types\/post"}],"author":[{"embeddable":true,"href":"https:\/\/rdnews.al\/index.php\/wp-json\/wp\/v2\/users\/4"}],"replies":[{"embeddable":true,"href":"https:\/\/rdnews.al\/index.php\/wp-json\/wp\/v2\/comments?post=67162"}],"version-history":[{"count":0,"href":"https:\/\/rdnews.al\/index.php\/wp-json\/wp\/v2\/posts\/67162\/revisions"}],"wp:featuredmedia":[{"embeddable":true,"href":"https:\/\/rdnews.al\/index.php\/wp-json\/wp\/v2\/media\/65341"}],"wp:attachment":[{"href":"https:\/\/rdnews.al\/index.php\/wp-json\/wp\/v2\/media?parent=67162"}],"wp:term":[{"taxonomy":"category","embeddable":true,"href":"https:\/\/rdnews.al\/index.php\/wp-json\/wp\/v2\/categories?post=67162"},{"taxonomy":"post_tag","embeddable":true,"href":"https:\/\/rdnews.al\/index.php\/wp-json\/wp\/v2\/tags?post=67162"}],"curies":[{"name":"wp","href":"https:\/\/api.w.org\/{rel}","templated":true}]}}