{"id":67232,"date":"2023-12-23T18:01:22","date_gmt":"2023-12-23T18:01:22","guid":{"rendered":"https:\/\/rdnews.al\/?p=67232"},"modified":"2023-12-23T18:01:22","modified_gmt":"2023-12-23T18:01:22","slug":"gjeni-ndryshimin-midis-dy-vuciceve","status":"publish","type":"post","link":"https:\/\/rdnews.al\/index.php\/2023\/12\/23\/gjeni-ndryshimin-midis-dy-vuciceve\/","title":{"rendered":"Gjeni ndryshimin midis dy Vu\u00e7i\u00e7\u00ebve!"},"content":{"rendered":"<p><strong>Nga Iva V.GRILLO<\/strong><\/p>\n<p>Zyrtar\u00ebt e OSBE-ODHIR, menj\u00ebher\u00eb pas zgjedhjeve n\u00eb Serbi ka q\u00ebn\u00eb t\u00eb qart\u00eb e t\u00eb prer\u00eb se procesi konsiderohet i minuar p\u00ebr shkak t\u00eb presioneve nga partia n\u00eb pushtet.<\/p>\n<p>Ju ftoj t\u00eb lexoni me durim list\u00ebn e presioneve dhe parregullsive q\u00eb kan\u00eb alarmuar me shum\u00eb t\u00eb drejt\u00eb (k\u00ebt\u00eb her\u00eb), OSBE&#8230;<\/p>\n<p>\ud83d\udc49p\u00ebrpar\u00ebsit\u00eb nga partia n\u00eb pushtet kan\u00eb rezultuar n\u00eb gar\u00eb t\u00eb pabarabart\u00eb<\/p>\n<p>\ud83d\udc49votues nga zona t\u00eb tjera jan\u00eb transportuar me autobusa<\/p>\n<p>\ud83d\udc49 dokumente identifikimi l\u00ebshuar p\u00ebr votues q\u00eb nuk jan\u00eb banor\u00eb n\u00eb zona<\/p>\n<p>\ud83d\udc49presion, intimidim dhe pagesa kundrejt vot\u00ebs&#8230;etj&#8230;<\/p>\n<p>Duhet th\u00ebn\u00eb se pavar\u00ebsisht raportit sterr\u00eb t\u00eb nxjerr\u00eb nga OSBE, Serbis\u00eb i duhet akoma pun\u00eb p\u00ebr t\u00eb mb\u00ebrritur n\u00eb grad\u00ebn e derexhes\u00eb s\u00eb procesit zgjedhor n\u00eb Shqip\u00ebri&#8230;<\/p>\n<p>Ato q\u00eb paraqiten nga OSBE si shkelje skandaloze ne Serbi, jan\u00eb kthyer tashm\u00eb n\u00eb norm\u00eb n\u00eb zgjedhjet e fundit shqiptare.<\/p>\n<p>Shqip\u00ebria ia kalon Serbis\u00eb sepse ka dhe sistemin e deklaruar t\u00eb patronazhist\u00ebve dhe presionin e bandave t\u00eb krimit&#8230;dy element\u00eb k\u00ebto q\u00eb do t&#8217;i vinin vul\u00ebn \u00e7do procesi zgjedhor si nj\u00eb proces jo i lir\u00eb dhe i pa\u00e7ertifikuesh\u00ebm, por \u00e7udit\u00ebrisht zyrtar\u00ebt nd\u00ebrkomb\u00ebtar\u00eb nuk duken aq t\u00eb skandalizuar me Shqip\u00ebrin\u00eb&#8230;<\/p>\n<p>Vu\u00e7i\u00e7 duket se n\u00ebp\u00ebrmjet raportit t\u00eb organizat\u00ebs nd\u00ebrkomb\u00ebtare e ka marr\u00eb vul\u00ebn e autokratit&#8230;<\/p>\n<p>Po &#8220;Vu\u00e7i\u00e7it t\u00eb Tiran\u00ebs&#8221;, i cili shkon shum\u00eb m\u00eb larg, duke k\u00ebrc\u00ebnuar kandidat\u00ebt opozitar\u00eb &#8220;live&#8221;, i arreston pasi ata pasi nuk i mund dot, p\u00ebrdor drejt\u00ebsin\u00eb p\u00ebr t\u00eb fshehur skandalet e veta dhe k\u00ebrkon t\u00eb asgj\u00ebsoj\u00eb patjet\u00ebr liderin opozitar n\u00ebp\u00ebrmjet makinacioneve ligjore&#8230;si t&#8217;ia v\u00ebm\u00eb emrin k\u00ebtij?!<\/p>\n<p>A gjen dot njeri ndonj\u00eb ndryshim midis dy Vu\u00e7i\u00e7ave?!<\/p>\n<p>#stopdiktatur\u00ebs<\/p>\n<p><img loading=\"lazy\" decoding=\"async\" class=\"alignnone size-medium wp-image-67233\" src=\"https:\/\/rdnews.al\/wp-content\/uploads\/2023\/12\/1-30-265x300.jpg\" alt=\"\" width=\"265\" height=\"300\" srcset=\"https:\/\/rdnews.al\/wp-content\/uploads\/2023\/12\/1-30-265x300.jpg 265w, https:\/\/rdnews.al\/wp-content\/uploads\/2023\/12\/1-30-905x1024.jpg 905w, https:\/\/rdnews.al\/wp-content\/uploads\/2023\/12\/1-30-768x869.jpg 768w, https:\/\/rdnews.al\/wp-content\/uploads\/2023\/12\/1-30.jpg 1078w\" sizes=\"auto, (max-width: 265px) 100vw, 265px\" \/><\/p>\n<p><img loading=\"lazy\" decoding=\"async\" class=\"alignnone size-medium wp-image-67234\" src=\"https:\/\/rdnews.al\/wp-content\/uploads\/2023\/12\/2-19-160x300.jpg\" alt=\"\" width=\"160\" height=\"300\" srcset=\"https:\/\/rdnews.al\/wp-content\/uploads\/2023\/12\/2-19-160x300.jpg 160w, https:\/\/rdnews.al\/wp-content\/uploads\/2023\/12\/2-19-547x1024.jpg 547w, https:\/\/rdnews.al\/wp-content\/uploads\/2023\/12\/2-19-768x1438.jpg 768w, https:\/\/rdnews.al\/wp-content\/uploads\/2023\/12\/2-19-820x1536.jpg 820w, https:\/\/rdnews.al\/wp-content\/uploads\/2023\/12\/2-19.jpg 1080w\" sizes=\"auto, (max-width: 160px) 100vw, 160px\" \/><\/p>\n<p><img loading=\"lazy\" decoding=\"async\" class=\"alignnone size-medium wp-image-67235\" src=\"https:\/\/rdnews.al\/wp-content\/uploads\/2023\/12\/3-9-195x300.jpg\" alt=\"\" width=\"195\" height=\"300\" srcset=\"https:\/\/rdnews.al\/wp-content\/uploads\/2023\/12\/3-9-195x300.jpg 195w, https:\/\/rdnews.al\/wp-content\/uploads\/2023\/12\/3-9-665x1024.jpg 665w, https:\/\/rdnews.al\/wp-content\/uploads\/2023\/12\/3-9-768x1182.jpg 768w, https:\/\/rdnews.al\/wp-content\/uploads\/2023\/12\/3-9-998x1536.jpg 998w, https:\/\/rdnews.al\/wp-content\/uploads\/2023\/12\/3-9.jpg 1080w\" sizes=\"auto, (max-width: 195px) 100vw, 195px\" \/><\/p>\n","protected":false},"excerpt":{"rendered":"<p>Nga Iva V.GRILLO Zyrtar\u00ebt e OSBE-ODHIR, menj\u00ebher\u00eb pas zgjedhjeve n\u00eb Serbi ka q\u00ebn\u00eb t\u00eb qart\u00eb e t\u00eb prer\u00eb se procesi konsiderohet i minuar p\u00ebr shkak t\u00eb presioneve nga partia n\u00eb pushtet. Ju ftoj t\u00eb lexoni me durim list\u00ebn e presioneve dhe parregullsive q\u00eb kan\u00eb alarmuar me shum\u00eb t\u00eb drejt\u00eb (k\u00ebt\u00eb her\u00eb), OSBE&#8230; \ud83d\udc49p\u00ebrpar\u00ebsit\u00eb nga partia &hellip;<\/p>\n","protected":false},"author":4,"featured_media":2977,"comment_status":"closed","ping_status":"closed","sticky":false,"template":"","format":"standard","meta":{"footnotes":""},"categories":[44],"tags":[],"class_list":["post-67232","post","type-post","status-publish","format-standard","has-post-thumbnail","","category-editorial"],"_links":{"self":[{"href":"https:\/\/rdnews.al\/index.php\/wp-json\/wp\/v2\/posts\/67232","targetHints":{"allow":["GET"]}}],"collection":[{"href":"https:\/\/rdnews.al\/index.php\/wp-json\/wp\/v2\/posts"}],"about":[{"href":"https:\/\/rdnews.al\/index.php\/wp-json\/wp\/v2\/types\/post"}],"author":[{"embeddable":true,"href":"https:\/\/rdnews.al\/index.php\/wp-json\/wp\/v2\/users\/4"}],"replies":[{"embeddable":true,"href":"https:\/\/rdnews.al\/index.php\/wp-json\/wp\/v2\/comments?post=67232"}],"version-history":[{"count":0,"href":"https:\/\/rdnews.al\/index.php\/wp-json\/wp\/v2\/posts\/67232\/revisions"}],"wp:featuredmedia":[{"embeddable":true,"href":"https:\/\/rdnews.al\/index.php\/wp-json\/wp\/v2\/media\/2977"}],"wp:attachment":[{"href":"https:\/\/rdnews.al\/index.php\/wp-json\/wp\/v2\/media?parent=67232"}],"wp:term":[{"taxonomy":"category","embeddable":true,"href":"https:\/\/rdnews.al\/index.php\/wp-json\/wp\/v2\/categories?post=67232"},{"taxonomy":"post_tag","embeddable":true,"href":"https:\/\/rdnews.al\/index.php\/wp-json\/wp\/v2\/tags?post=67232"}],"curies":[{"name":"wp","href":"https:\/\/api.w.org\/{rel}","templated":true}]}}