{"id":67263,"date":"2023-12-25T10:05:12","date_gmt":"2023-12-25T10:05:12","guid":{"rendered":"https:\/\/rdnews.al\/?p=67263"},"modified":"2023-12-25T10:05:12","modified_gmt":"2023-12-25T10:05:12","slug":"vellai-i-fredi-belerit-kurthi-dhe-falsifikimet-e-rames-do-te-dalin-ne-drite-shume-shpejt","status":"publish","type":"post","link":"https:\/\/rdnews.al\/index.php\/2023\/12\/25\/vellai-i-fredi-belerit-kurthi-dhe-falsifikimet-e-rames-do-te-dalin-ne-drite-shume-shpejt\/","title":{"rendered":"V\u00ebllai i Fredi Belerit: Kurthi dhe falsifikimet e Ram\u00ebs do t\u00eb dalin n\u00eb drit\u00eb shum\u00eb shpejt"},"content":{"rendered":"<p>Leonardo Beleri, v\u00ebllai i kandidatit q\u00eb fitoi zgjedhjet si kryetar i Bashkis\u00eb Himar\u00eb, Fredi Beleri ka hedhur aukza t\u00eb r\u00ebnda,\u00a0duke pretenduar se qeveria\u00a0Rama\u00a0nuk d\u00ebshiron t\u00eb humbas\u00eb Heimar\u00ebn sepse falsifikimet do t\u00eb dalin n\u00eb drit\u00eb.<\/p>\n<p>\u201cQeveria dhe zoti\u00a0Rama\u00a0personalisht nuk duan t\u00eb humbin bashkin\u00eb e Heimar\u00ebs.\u00a0Sepse do t\u00eb dalin shum\u00eb.\u00a0Vazhdojn\u00eb t\u00eb b\u00ebjn\u00eb detyra dhe falsifikime me parcelat.\u00a0Festa vazhdon\u201d,\u00a0tha Leonardos Beleris p\u00ebr ERT, raporton Protothema.<\/p>\n<p>Ai ka folur dhe p\u00ebr q\u00ebndrimin e\u00a0Gergi Goros\u00a0n\u00eb detyr\u00ebn e tij, i cili edhe pse u raportua se do t\u00eb largohej, ai mohoi se ka dh\u00ebn\u00eb dor\u00ebheqjen.<\/p>\n<p>\u201cZoti Goro nuk merr dot frym\u00eb n\u00ebse nuk merr leje nga zoti\u00a0Rama\u201d,\u00a0tha v\u00ebllai i Belerit, duke p\u00ebrs\u00ebritur sugjerimin e t\u00eb v\u00ebllait q\u00eb n\u00ebse nuk \u00ebsht\u00eb vet\u00eb kryetar bashkie q\u00eb \u00ebsht\u00eb zgjedhur, at\u00ebher\u00eb t\u00eb marr\u00eb postin nj\u00eb i zgjedhur tjet\u00ebr nga fraksioni i tij.<\/p>\n<p>Ai thot\u00eb se, Goro do t\u00eb q\u00ebndroj\u00eb n\u00eb detyr\u00ebn e tij \u201cp\u00ebr aq koh\u00eb sa t\u00eb doj\u00eb zoti Rama\u201d.\u00a0Sipas tij kryeministri i\u00a0Shqip\u00ebris\u00eb\u00a0preferon t\u00eb sakrifikoj\u00eb t\u00eb ardhmen e popullit t\u00eb tij dhe se Shqip\u00ebria nuk hyn n\u00eb BE, sesa t\u00eb humbas\u00eb bashkin\u00eb e Heimarr\u00ebs, shkruan Protothema.<\/p>\n<p>Madje ai vler\u00ebsoi se veprimet e tij jan\u00eb p\u00ebr faktin se \u201cfalsifikimet jan\u00eb b\u00ebr\u00eb n\u00eb nivelin m\u00eb t\u00eb lart\u00eb dhe fatkeq\u00ebsisht shum\u00eb njer\u00ebz duhet t\u00eb mbrohen n\u00ebn ombrell\u00ebn e zotit Rama\u201d.<\/p>\n","protected":false},"excerpt":{"rendered":"<p>Leonardo Beleri, v\u00ebllai i kandidatit q\u00eb fitoi zgjedhjet si kryetar i Bashkis\u00eb Himar\u00eb, Fredi Beleri ka hedhur aukza t\u00eb r\u00ebnda,\u00a0duke pretenduar se qeveria\u00a0Rama\u00a0nuk d\u00ebshiron t\u00eb humbas\u00eb Heimar\u00ebn sepse falsifikimet do t\u00eb dalin n\u00eb drit\u00eb. \u201cQeveria dhe zoti\u00a0Rama\u00a0personalisht nuk duan t\u00eb humbin bashkin\u00eb e Heimar\u00ebs.\u00a0Sepse do t\u00eb dalin shum\u00eb.\u00a0Vazhdojn\u00eb t\u00eb b\u00ebjn\u00eb detyra dhe falsifikime me parcelat.\u00a0Festa &hellip;<\/p>\n","protected":false},"author":4,"featured_media":53620,"comment_status":"closed","ping_status":"closed","sticky":false,"template":"","format":"standard","meta":{"footnotes":""},"categories":[37],"tags":[],"class_list":["post-67263","post","type-post","status-publish","format-standard","has-post-thumbnail","","category-politike"],"_links":{"self":[{"href":"https:\/\/rdnews.al\/index.php\/wp-json\/wp\/v2\/posts\/67263","targetHints":{"allow":["GET"]}}],"collection":[{"href":"https:\/\/rdnews.al\/index.php\/wp-json\/wp\/v2\/posts"}],"about":[{"href":"https:\/\/rdnews.al\/index.php\/wp-json\/wp\/v2\/types\/post"}],"author":[{"embeddable":true,"href":"https:\/\/rdnews.al\/index.php\/wp-json\/wp\/v2\/users\/4"}],"replies":[{"embeddable":true,"href":"https:\/\/rdnews.al\/index.php\/wp-json\/wp\/v2\/comments?post=67263"}],"version-history":[{"count":0,"href":"https:\/\/rdnews.al\/index.php\/wp-json\/wp\/v2\/posts\/67263\/revisions"}],"wp:featuredmedia":[{"embeddable":true,"href":"https:\/\/rdnews.al\/index.php\/wp-json\/wp\/v2\/media\/53620"}],"wp:attachment":[{"href":"https:\/\/rdnews.al\/index.php\/wp-json\/wp\/v2\/media?parent=67263"}],"wp:term":[{"taxonomy":"category","embeddable":true,"href":"https:\/\/rdnews.al\/index.php\/wp-json\/wp\/v2\/categories?post=67263"},{"taxonomy":"post_tag","embeddable":true,"href":"https:\/\/rdnews.al\/index.php\/wp-json\/wp\/v2\/tags?post=67263"}],"curies":[{"name":"wp","href":"https:\/\/api.w.org\/{rel}","templated":true}]}}