{"id":67290,"date":"2023-12-25T11:56:40","date_gmt":"2023-12-25T11:56:40","guid":{"rendered":"https:\/\/rdnews.al\/?p=67290"},"modified":"2023-12-25T12:06:11","modified_gmt":"2023-12-25T12:06:11","slug":"berisha-keto-krishtlindje-festuam-ne-diktaturen-e-bandes","status":"publish","type":"post","link":"https:\/\/rdnews.al\/index.php\/2023\/12\/25\/berisha-keto-krishtlindje-festuam-ne-diktaturen-e-bandes\/","title":{"rendered":"Berisha: K\u00ebto Krishtlindje festuam n\u00eb diktatur\u00ebn e band\u00ebs!"},"content":{"rendered":"<p>Kryetari i PD, Sali Berisha n\u00eb nj\u00eb bashk\u00ebbisedim me qytetar\u00ebt n\u00eb faqen e tij sociale, Facebook tha se, k\u00ebto Krishtlindje festuam n\u00eb diktatur\u00ebn e band\u00ebs.<br \/>\n\u201cEdhe nj\u00ebher\u00eb nga zemra uroj g\u00ebzuar Krishtlindjet.<br \/>\nSot un\u00eb kam zgjedhur t\u00eb bisedoj me miqt\u00eb e mi n\u00eb rrjetet sociale.<br \/>\nAjo \u00e7ka un\u00eb mund t\u00eb theksoj se ne festuam k\u00ebto Krishtlindje n\u00eb diktatur\u00ebn e band\u00ebs, t\u00eb udh\u00ebhequr nga Edi Rama.<br \/>\nKjo diktatur\u00eb nuk ka n\u00eb baz\u00eb ideologjin\u00eb marksiste-leniniste, nuk shpall forc\u00eb l\u00ebviz\u00ebse luft\u00ebn e klasave, por kjo diktatur\u00eb ka si forc\u00eb kryesore l\u00ebviz\u00ebse aleanc\u00ebn me krimin e organizuar dhe drog\u00ebn.<br \/>\nN\u00eb k\u00ebt\u00eb vend, krimi dhe kreu i tij, Edi Rama, vendosin kudo, vendosin n\u00eb rrug\u00eb, n\u00eb qelit\u00eb m\u00eb t\u00eb sigurta t\u00eb burgjeve, n\u00eb parlament, n\u00eb prokurori, n\u00eb ekzekutiv dhe n\u00eb \u00e7do skut\u00eb t\u00eb k\u00ebtij shteti.<br \/>\nKjo aleanc\u00eb ka fshir\u00eb ose ka shnd\u00ebrruar n\u00eb let\u00ebr t\u00eb vdekur, ligjet e mira, demokratike q\u00eb u hartuan dhe u miratuan n\u00eb k\u00ebto dekada. P\u00ebr t\u00eb garantuar lirit\u00eb dhe t\u00eb drejtat e njeriut, p\u00ebr t\u00eb garantuar pron\u00ebn, p\u00ebr t\u00eb garantuar dinjitetin njer\u00ebzor dhe zhvillimin e vendit.<br \/>\nKjo aleanc\u00eb vendosi n\u00eb Shqip\u00ebri narkoshtetin e par\u00eb dhe t\u00eb vet\u00ebm n\u00eb Europ\u00eb.<br \/>\nKjo aleanc\u00eb dikton sot me forc\u00ebn m\u00eb t\u00eb madhe rezultatin e zgjedhjeve. Imagjinoni n\u00eb Shkod\u00ebr se si i p\u00ebrmbys rezultati nga bandat e blinduara t\u00eb qeveris\u00eb dhe ministrave t\u00eb saj n\u00eb bashk\u00ebpunim.<br \/>\nN\u00eb k\u00ebt\u00eb aleanc\u00eb pra, krimi, droga, hanxhar\u00ebt e krimit shnd\u00ebrrohen n\u00eb vota dhe vota p\u00ebrs\u00ebri shnd\u00ebrrohet n\u00eb krim.<br \/>\nN\u00eb k\u00ebt\u00eb aleanc\u00eb, opozita nuk mund t\u00eb tolerohet, asaj i mohohen t\u00eb drejtat elementare kushtetuese\u201d, tha Berisha.<\/p>\n","protected":false},"excerpt":{"rendered":"<p>Kryetari i PD, Sali Berisha n\u00eb nj\u00eb bashk\u00ebbisedim me qytetar\u00ebt n\u00eb faqen e tij sociale, Facebook tha se, k\u00ebto Krishtlindje festuam n\u00eb diktatur\u00ebn e band\u00ebs. \u201cEdhe nj\u00ebher\u00eb nga zemra uroj g\u00ebzuar Krishtlindjet. Sot un\u00eb kam zgjedhur t\u00eb bisedoj me miqt\u00eb e mi n\u00eb rrjetet sociale. Ajo \u00e7ka un\u00eb mund t\u00eb theksoj se ne festuam k\u00ebto &hellip;<\/p>\n","protected":false},"author":4,"featured_media":67291,"comment_status":"closed","ping_status":"closed","sticky":false,"template":"","format":"standard","meta":{"footnotes":""},"categories":[37],"tags":[],"class_list":["post-67290","post","type-post","status-publish","format-standard","has-post-thumbnail","","category-politike"],"_links":{"self":[{"href":"https:\/\/rdnews.al\/index.php\/wp-json\/wp\/v2\/posts\/67290","targetHints":{"allow":["GET"]}}],"collection":[{"href":"https:\/\/rdnews.al\/index.php\/wp-json\/wp\/v2\/posts"}],"about":[{"href":"https:\/\/rdnews.al\/index.php\/wp-json\/wp\/v2\/types\/post"}],"author":[{"embeddable":true,"href":"https:\/\/rdnews.al\/index.php\/wp-json\/wp\/v2\/users\/4"}],"replies":[{"embeddable":true,"href":"https:\/\/rdnews.al\/index.php\/wp-json\/wp\/v2\/comments?post=67290"}],"version-history":[{"count":0,"href":"https:\/\/rdnews.al\/index.php\/wp-json\/wp\/v2\/posts\/67290\/revisions"}],"wp:featuredmedia":[{"embeddable":true,"href":"https:\/\/rdnews.al\/index.php\/wp-json\/wp\/v2\/media\/67291"}],"wp:attachment":[{"href":"https:\/\/rdnews.al\/index.php\/wp-json\/wp\/v2\/media?parent=67290"}],"wp:term":[{"taxonomy":"category","embeddable":true,"href":"https:\/\/rdnews.al\/index.php\/wp-json\/wp\/v2\/categories?post=67290"},{"taxonomy":"post_tag","embeddable":true,"href":"https:\/\/rdnews.al\/index.php\/wp-json\/wp\/v2\/tags?post=67290"}],"curies":[{"name":"wp","href":"https:\/\/api.w.org\/{rel}","templated":true}]}}