{"id":67297,"date":"2023-12-25T12:16:11","date_gmt":"2023-12-25T12:16:11","guid":{"rendered":"https:\/\/rdnews.al\/?p=67297"},"modified":"2023-12-25T12:16:11","modified_gmt":"2023-12-25T12:16:11","slug":"berisha-rama-kerkon-te-arrestoje-liderin-e-opozites-njesoj-si-putini-me-navalnin","status":"publish","type":"post","link":"https:\/\/rdnews.al\/index.php\/2023\/12\/25\/berisha-rama-kerkon-te-arrestoje-liderin-e-opozites-njesoj-si-putini-me-navalnin\/","title":{"rendered":"Berisha: Rama k\u00ebrkon t\u00eb arrestoj\u00eb liderin e opozit\u00ebs nj\u00ebsoj si Putini me Navalnin!"},"content":{"rendered":"<p>Kryetari i PD, Sali Berisha tha se, Edi Rama k\u00ebrkon t\u00eb arrestoj\u00eb liderin e opozit\u00ebs nj\u00ebsoj si Putini me Navalnin! Berisha tha se, n\u00eb k\u00ebt\u00eb betej\u00eb kam mbrojtur vet\u00ebm Kushtetut\u00ebn.<br \/>\n\u201cRama k\u00ebrkon t\u00eb arrestoj\u00eb liderin e opozit\u00ebs nj\u00ebsoj si Putini me Navalnin! N\u00eb k\u00ebt\u00eb betej\u00eb kam mbrojtur vet\u00ebm Kushtetut\u00ebn Por ai shkon m\u00eb tej, k\u00ebrkon t\u00eb arrestoj\u00eb kryetarin e partis\u00eb m\u00eb t\u00eb madhe politike opozitare.<br \/>\nVladimir Putin, k\u00ebto koh\u00eb, ka zhdukur Navalnin edhe nga burgjet, nuk dihet ku \u00ebsht\u00eb.<br \/>\nPse? Se ka frik\u00eb se Navalni do regjistrohet si kandidat p\u00ebr president.<br \/>\nPutin, Navalnin e ka frik\u00eb edhe n\u00eb burg aty ku \u00ebsht\u00eb.<br \/>\nEdi Rama b\u00ebri t\u00eb nj\u00ebjt\u00ebn gj\u00eb. Nuk lejoi n\u00eb kund\u00ebrshtim me ligjin, regjistrimin e emrit tim si kryetar koalicioni.<br \/>\nEdi Rama b\u00ebri edhe m\u00eb shum\u00eb. Nuk lejoi as regjistrimin e emrit t\u00eb PD nga frika dhe tmerri.<br \/>\nNe jemi sot n\u00eb k\u00ebt\u00eb situat\u00eb kur ai n\u00eb nj\u00eb zinxhir veprimesh antikushtetuese, ka vendosur q\u00eb t\u00eb arrestoj\u00eb, t\u00eb d\u00ebnoj\u00eb me arrestim Sali Berish\u00ebn, pa asnj\u00eb fakt, pa asnj\u00eb dokument, pa asnj\u00eb prov\u00eb p\u00ebr nj\u00eb proces q\u00eb \u00ebsht\u00eb m\u00eb i ligjshmi q\u00eb mund t\u00eb b\u00ebhet.<br \/>\nN\u00eb dosjen Partizani ka nj\u00eb moment: Jamarb\u00ebr Malltezi, nj\u00ebri nga qindra pronar\u00eb t\u00eb territorit, ka marr\u00eb 410 metra tok\u00eb. N\u00eb k\u00ebt\u00eb proces q\u00eb ka zgjatur nga viti 1995 deri n\u00eb vitin 2009, Sali Berisha nuk ka nj\u00eb firm\u00eb t\u00eb vetme n\u00eb procesin e njohjes dhe privatizimit t\u00eb objekteve t\u00eb klubit Partizani.<br \/>\nNuk ka nj\u00eb punonj\u00ebs q\u00eb t\u00eb paraqes\u00eb ankes\u00ebn apo d\u00ebshmin\u00eb m\u00eb t\u00eb vog\u00ebl se Sali Berisha ka nd\u00ebrhyr\u00eb n\u00eb k\u00ebt\u00eb proces.<br \/>\nPor ka di\u00e7ka tjet\u00ebr. S\u00eb pari, e gjith\u00eb dacibao e Edi Ram\u00ebs dhe prokuror\u00ebve t\u00eb tij \u00ebsht\u00eb e nd\u00ebrtuar mbi fshehjen e dokumenteve zyrtare. \u00cbsht\u00eb formuluar duke mos e pyetur asnj\u00eb her\u00eb Sali Berish\u00ebn dhe as Jamarb\u00ebr Malltezin, sepse dihej se shpjegimet e tyre do asgj\u00ebsonin pretendimet e tyre.<br \/>\nKa nj\u00eb moment tjet\u00ebr, p\u00ebr ta mbyllur me k\u00ebt\u00eb \u00e7\u00ebshtje. Nga toka e familjes Begeja, nga e cila Jamarb\u00ebr Malltezi ka marr\u00eb 410 met\u00ebr katror\u00eb tok\u00eb, Edi Rama me Karlo Bolinon kan\u00eb marr\u00eb 1500 met\u00ebr katror\u00eb tok\u00eb, t\u00eb cil\u00ebn Begejsit me fisnik\u00ebrin\u00eb e tyre, e lan\u00eb p\u00ebr nd\u00ebrtimin e nj\u00eb gjimnazi pasi zona prej 65 mij\u00eb banor\u00ebsh nuk kishte nj\u00eb t\u00eb till\u00eb.<br \/>\nN\u00eb vend t\u00eb gjimnazit, Edi Rama ka firmosur 4 vendime qeverie t\u00eb personalizuara p\u00ebr Karlo Bolinon, \u00e7ka njeriu nuk e b\u00ebn kurr\u00eb ve\u00e7se kur \u00ebsht\u00eb vet\u00eb pronar, p\u00ebr t\u00eb rr\u00ebmbyer 1500 met\u00ebr katror\u00eb tok\u00eb.<br \/>\nJu keni konstatuar se un\u00eb kam ndjekur me p\u00ebrpikm\u00ebri, ose kam k\u00ebrkuar asgj\u00eb tjet\u00ebr p\u00ebrve\u00e7 zbatimit t\u00eb Kushtetut\u00ebs dhe ligjit.<br \/>\nEdi Rama, duke par\u00eb se me Kushtetut\u00ebn dhe ligjin nuk mund t\u00eb b\u00ebnte asnj\u00eb veprim, sepse nuk kishte asnj\u00eb baz\u00eb, zgjodhi rrug\u00ebn e dhunimit t\u00eb Kushtetut\u00ebs dhe ligjit.<br \/>\nJu keni d\u00ebgjuar se si larot, lakejt\u00eb, puthador\u00ebt e narkodikatur\u00ebs, gjat\u00eb k\u00ebtyre jav\u00ebve t\u00eb fundit, p\u00ebrs\u00ebrisin se Shqip\u00ebria nuk p\u00ebrfill gjykatat, Berisha nuk p\u00ebrfill prokurorin\u00eb.<br \/>\nE v\u00ebrteta \u00ebsht\u00eb se un\u00eb kam p\u00ebrfillur gjykatat dhe kam d\u00ebrguar aty n\u00eb p\u00ebrputhje me ligjin avoket\u00ebt e mi. Un\u00eb kam p\u00ebrfillur parlamentin, komisionin hetimor parlamentar dhe kam d\u00ebrguar aty avoket\u00ebrit e mi. Kam p\u00ebrfillur Gjykat\u00ebn Kushtetuese dhe grupi i PD i \u00ebsht\u00eb drejtuar Gjykat\u00ebs Kushtetuese.<br \/>\nPor un\u00eb nuk kam p\u00ebrfillur vendimin antikushtetues t\u00eb nj\u00eb gjykat\u00ebse q\u00eb \u00ebsht\u00eb shkarkuar nga Sali Berisha me dat\u00ebn 8 shkurt 1996 dhe n\u00eb p\u00ebrputhje me ligjin e vendit dhe \u00e7do ligj tjet\u00ebr t\u00eb bot\u00ebs jodiktatoriale, ajo nuk mundej kurr\u00eb t\u00eb shqyrtonte dosjen e njeriut q\u00eb e ka shkarkuar.<br \/>\nNuk kam pranuar at\u00eb vendim, ndon\u00ebse theksoj se vendimet e gjykat\u00ebs p\u00ebr mua jan\u00eb ligj, por ligjet kan\u00eb hierarkin\u00eb e tyre. N\u00eb hierarkin\u00eb e ligjeve, Kushtetuta \u00ebsht\u00eb ligji suprem.<br \/>\nKushtetuta \u00ebsht\u00eb ligji i t\u00eb gjitha ligjeve. Kushtetuta urdh\u00ebron \u00e7do qytetar t\u00eb mos pranoj\u00eb asnj\u00ebher\u00eb nj\u00eb vendim antikushtetues.<br \/>\nSikund\u00ebr ligjet urdh\u00ebrojn\u00eb \u00e7do punonj\u00ebs t\u00eb mos pranojn\u00eb asnj\u00ebher\u00eb nj\u00eb vendim antiligjor.<br \/>\nPra, n\u00eb k\u00ebt\u00eb betej\u00eb, Sali Berisha nuk b\u00ebri asgj\u00eb tjet\u00ebr ve\u00e7se mbrojti Kushtetut\u00ebn, mbrojti shtetin ligjor, mbrojti ato parime pa t\u00eb cilat rendi demokratik nuk ekziston dhe u faktoi shqiptar\u00ebve se Shqip\u00ebria tashm\u00eb \u00ebsht\u00eb nj\u00eb narkokratur\u00eb. Se n\u00eb Shqip\u00ebri, shteti ligjor \u00ebsht\u00eb z\u00ebvend\u00ebsuar me narkoshtetin\u201d, u shpreh Berisha.<\/p>\n","protected":false},"excerpt":{"rendered":"<p>Kryetari i PD, Sali Berisha tha se, Edi Rama k\u00ebrkon t\u00eb arrestoj\u00eb liderin e opozit\u00ebs nj\u00ebsoj si Putini me Navalnin! Berisha tha se, n\u00eb k\u00ebt\u00eb betej\u00eb kam mbrojtur vet\u00ebm Kushtetut\u00ebn. \u201cRama k\u00ebrkon t\u00eb arrestoj\u00eb liderin e opozit\u00ebs nj\u00ebsoj si Putini me Navalnin! N\u00eb k\u00ebt\u00eb betej\u00eb kam mbrojtur vet\u00ebm Kushtetut\u00ebn Por ai shkon m\u00eb tej, k\u00ebrkon &hellip;<\/p>\n","protected":false},"author":4,"featured_media":67298,"comment_status":"closed","ping_status":"closed","sticky":false,"template":"","format":"standard","meta":{"footnotes":""},"categories":[37],"tags":[],"class_list":["post-67297","post","type-post","status-publish","format-standard","has-post-thumbnail","","category-politike"],"_links":{"self":[{"href":"https:\/\/rdnews.al\/index.php\/wp-json\/wp\/v2\/posts\/67297","targetHints":{"allow":["GET"]}}],"collection":[{"href":"https:\/\/rdnews.al\/index.php\/wp-json\/wp\/v2\/posts"}],"about":[{"href":"https:\/\/rdnews.al\/index.php\/wp-json\/wp\/v2\/types\/post"}],"author":[{"embeddable":true,"href":"https:\/\/rdnews.al\/index.php\/wp-json\/wp\/v2\/users\/4"}],"replies":[{"embeddable":true,"href":"https:\/\/rdnews.al\/index.php\/wp-json\/wp\/v2\/comments?post=67297"}],"version-history":[{"count":0,"href":"https:\/\/rdnews.al\/index.php\/wp-json\/wp\/v2\/posts\/67297\/revisions"}],"wp:featuredmedia":[{"embeddable":true,"href":"https:\/\/rdnews.al\/index.php\/wp-json\/wp\/v2\/media\/67298"}],"wp:attachment":[{"href":"https:\/\/rdnews.al\/index.php\/wp-json\/wp\/v2\/media?parent=67297"}],"wp:term":[{"taxonomy":"category","embeddable":true,"href":"https:\/\/rdnews.al\/index.php\/wp-json\/wp\/v2\/categories?post=67297"},{"taxonomy":"post_tag","embeddable":true,"href":"https:\/\/rdnews.al\/index.php\/wp-json\/wp\/v2\/tags?post=67297"}],"curies":[{"name":"wp","href":"https:\/\/api.w.org\/{rel}","templated":true}]}}