{"id":67320,"date":"2023-12-25T12:51:25","date_gmt":"2023-12-25T12:51:25","guid":{"rendered":"https:\/\/rdnews.al\/?p=67320"},"modified":"2023-12-25T12:51:25","modified_gmt":"2023-12-25T12:51:25","slug":"opozita-ka-mbeshtetje-te-padiskutueshme-por-mos-prisni-qe-nderkombetaret-te-protestojne-per-ne","status":"publish","type":"post","link":"https:\/\/rdnews.al\/index.php\/2023\/12\/25\/opozita-ka-mbeshtetje-te-padiskutueshme-por-mos-prisni-qe-nderkombetaret-te-protestojne-per-ne\/","title":{"rendered":"Opozita ka mb\u00ebshtetje t\u00eb padiskutueshme, por mos prisni q\u00eb nd\u00ebrkomb\u00ebtar\u00ebt t\u00eb protestojn\u00eb p\u00ebr ne"},"content":{"rendered":"<p>Kryetari i PD, Sali Berisha tha se, opozita ka pasur dhe ka mb\u00ebshtetje t\u00eb padiskutueshme! Ai tha se, mos prisni kurr\u00eb q\u00eb nd\u00ebrkomb\u00ebtar\u00ebt t\u00eb protestojn\u00eb p\u00ebr ne.<br \/>\n\u201cAjo q\u00eb mund t\u00eb them un\u00eb, opozita ka pasur dhe ka mb\u00ebshtetje t\u00eb padiskutueshme.<br \/>\nNuk besoj se- t\u00eb flasim haptas- se ka mb\u00ebshtetje m\u00eb t\u00eb madhe se t\u2019i thuhet jo n\u00eb Bruksel dhe t\u2019i nxirret kartoni i kuq.<br \/>\nDhe kartoni i kuq Edi Ram\u00ebs iu nxor jo si\u00e7 g\u00ebnjen ai n\u00eb radh\u00eb t\u00eb par\u00eb p\u00ebr Belerin, por iu nxor n\u00eb radh\u00eb t\u00eb par\u00eb p\u00ebr q\u00ebndrimin q\u00eb mban ndaj opozit\u00ebs.<br \/>\nPor ne duhet t\u00eb dim\u00eb t\u00eb lexojm\u00eb q\u00ebndrimet.<br \/>\nS\u00eb dyti, faktori nd\u00ebrkomb\u00ebtar \u00ebsht\u00eb shprehur jo me nj\u00eb, por me disa deklarata t\u00eb hapura, t\u00eb qarta.<br \/>\nPor duke th\u00ebn\u00eb k\u00ebt\u00eb, duhet t\u2019u them se askush, cilido qoft\u00eb, nuk do vij\u00eb as t\u00eb protestoj\u00eb p\u00ebr ne, as t\u00eb b\u00ebj\u00eb mosbindje civile p\u00ebr ne. At\u00eb e kemi n\u00eb dor\u00ebn ton\u00eb.<br \/>\nDhe ju garantoj se sa m\u00eb t\u00eb fuqish\u00ebm t\u00eb tregohemi ne n\u00eb protest\u00ebn, aq m\u00eb e madhe do jet\u00eb mb\u00ebshtetja jon\u00eb.<br \/>\nNatyrisht komuniteti nd\u00ebrkomb\u00ebtar ka mekanizmat e vet t\u00eb veprimit, por n\u00eb asnj\u00eb rrethan\u00eb mos prisni ju se njeri do vij\u00eb t\u00eb protestoj\u00eb p\u00ebr ne. Nj\u00eb akt i till\u00eb v\u00eb n\u00eb dyshim p\u00ebrgjegj\u00ebsin\u00eb ton\u00eb ndaj vendit. Nj\u00eb akt i till\u00eb v\u00eb n\u00eb dyshim bot\u00ebkuptimin ton\u00eb ndaj demokracis\u00eb.<br \/>\nNe duhet t\u2019i dalim zot me nj\u00eb protest\u00eb t\u00eb fuqishme n\u00eb parlament. Ne ia dol\u00ebm t\u00eb pushtojm\u00eb lajmin bot\u00ebror dhe kjo \u00ebsht\u00eb nj\u00eb fitore e jasht\u00ebzakonshme. Ne ia dol\u00ebm t\u00eb b\u00ebhemi \u00e7\u00ebshtje n\u00eb kancelarit\u00eb e m\u00ebdha, por k\u00ebto jan\u00eb t\u00eb v\u00ebrteta t\u00eb t\u00eb cilat duhet t\u00eb na ftojn\u00eb ne t\u00eb mobilizohemi me t\u00eb gjith\u00eb potencialin ton\u00eb.<br \/>\nUrdh\u00ebro, n\u00eb nj\u00eb situat\u00eb jo kaq dramatike sa ne. Se Vu\u00e7i\u00e7 nuk hoqi njeri, nuk p\u00ebrjashtoi nga listat e emrit, kryetarin e opozit\u00ebs. Aleksand\u00ebr Vu\u00e7i\u00e7 nuk hoqi emrin e partis\u00eb nga lista, por ata u fut\u00ebn n\u00eb parlament dje.<br \/>\nN\u00eb rast se ne ngrihemi, ne sigurisht b\u00ebhemi z\u00ebri jo vet\u00ebm i nd\u00ebrgjegjes demokratike t\u00eb shqiptar\u00ebve, por i nd\u00ebrgjegjes demokratike t\u00eb popujve t\u00eb lir\u00eb n\u00eb bot\u00eb\u201d, tha Berisha.<\/p>\n","protected":false},"excerpt":{"rendered":"<p>Kryetari i PD, Sali Berisha tha se, opozita ka pasur dhe ka mb\u00ebshtetje t\u00eb padiskutueshme! Ai tha se, mos prisni kurr\u00eb q\u00eb nd\u00ebrkomb\u00ebtar\u00ebt t\u00eb protestojn\u00eb p\u00ebr ne. \u201cAjo q\u00eb mund t\u00eb them un\u00eb, opozita ka pasur dhe ka mb\u00ebshtetje t\u00eb padiskutueshme. Nuk besoj se- t\u00eb flasim haptas- se ka mb\u00ebshtetje m\u00eb t\u00eb madhe se t\u2019i &hellip;<\/p>\n","protected":false},"author":4,"featured_media":67321,"comment_status":"closed","ping_status":"closed","sticky":false,"template":"","format":"standard","meta":{"footnotes":""},"categories":[37],"tags":[],"class_list":["post-67320","post","type-post","status-publish","format-standard","has-post-thumbnail","","category-politike"],"_links":{"self":[{"href":"https:\/\/rdnews.al\/index.php\/wp-json\/wp\/v2\/posts\/67320","targetHints":{"allow":["GET"]}}],"collection":[{"href":"https:\/\/rdnews.al\/index.php\/wp-json\/wp\/v2\/posts"}],"about":[{"href":"https:\/\/rdnews.al\/index.php\/wp-json\/wp\/v2\/types\/post"}],"author":[{"embeddable":true,"href":"https:\/\/rdnews.al\/index.php\/wp-json\/wp\/v2\/users\/4"}],"replies":[{"embeddable":true,"href":"https:\/\/rdnews.al\/index.php\/wp-json\/wp\/v2\/comments?post=67320"}],"version-history":[{"count":0,"href":"https:\/\/rdnews.al\/index.php\/wp-json\/wp\/v2\/posts\/67320\/revisions"}],"wp:featuredmedia":[{"embeddable":true,"href":"https:\/\/rdnews.al\/index.php\/wp-json\/wp\/v2\/media\/67321"}],"wp:attachment":[{"href":"https:\/\/rdnews.al\/index.php\/wp-json\/wp\/v2\/media?parent=67320"}],"wp:term":[{"taxonomy":"category","embeddable":true,"href":"https:\/\/rdnews.al\/index.php\/wp-json\/wp\/v2\/categories?post=67320"},{"taxonomy":"post_tag","embeddable":true,"href":"https:\/\/rdnews.al\/index.php\/wp-json\/wp\/v2\/tags?post=67320"}],"curies":[{"name":"wp","href":"https:\/\/api.w.org\/{rel}","templated":true}]}}