{"id":67323,"date":"2023-12-25T12:54:28","date_gmt":"2023-12-25T12:54:28","guid":{"rendered":"https:\/\/rdnews.al\/?p=67323"},"modified":"2023-12-25T12:54:28","modified_gmt":"2023-12-25T12:54:28","slug":"berisha-nuk-pres-gje-nga-gjykatat-cdo-gje-e-pres-nga-qytetaret-e-vendosur-ne-kete-mosbindje","status":"publish","type":"post","link":"https:\/\/rdnews.al\/index.php\/2023\/12\/25\/berisha-nuk-pres-gje-nga-gjykatat-cdo-gje-e-pres-nga-qytetaret-e-vendosur-ne-kete-mosbindje\/","title":{"rendered":"Berisha: Nuk pres gj\u00eb nga gjykatat, \u00e7do gj\u00eb e pres nga qytetar\u00ebt e vendosur n\u00eb k\u00ebt\u00eb mosbindje"},"content":{"rendered":"<p>Kryetari i PD, Sali Berisha tha se, nuk pres gj\u00eb nga gjykatat, \u00e7do gj\u00eb un\u00eb e pres nga qytetar\u00ebt e vendosur n\u00eb k\u00ebt\u00eb mosbindje.<br \/>\n\u201cKy \u00ebsht\u00eb nj\u00eb nga aktet m\u00eb t\u00eb sh\u00ebmtuara, m\u00eb antidemokratiket.<br \/>\nAq sa kam pritur nga Gjykata Kushtetuese, un\u00eb nuk kam pritur, un\u00eb kam menduar se do e fuste n\u00eb kalendat e procedur\u00ebs, por nuk m\u00eb shkonte mendja se do mashtronte publikun, do rishkruante Kushtetut\u00ebn n\u00eb m\u00ebnyr\u00ebn m\u00eb bandistike, m\u00eb pa moral, do e shpallte pakic\u00ebn me t\u00eb drejt\u00eb t\u00eb kusht\u00ebzuar. Kjo ishte fundi i tyre.<br \/>\nK\u00ebshtu q\u00eb nuk pres ndonj\u00eb gj\u00eb tjet\u00ebr. \u00c7do gj\u00eb q\u00eb pres, un\u00eb e pres nga qytetar\u00ebt e vendosur n\u00eb k\u00ebt\u00eb mosbindje.<br \/>\nNe jemi para alternativ\u00ebs p\u00ebr vot\u00ebn e lir\u00eb, para fitores s\u00eb sigurt, at\u00ebher\u00eb ne do ngrihemi.<br \/>\nKy \u00ebsht\u00eb i gjith\u00eb mendimi i Sali Berish\u00ebs. Ne nuk duhet t\u00eb kemi shpres\u00eb te k\u00ebto organe q\u00eb jan\u00eb sot deg\u00eb m\u00eb e verb\u00ebr e ekzekutivit n\u00eb Shqip\u00ebri dhe q\u00eb jan\u00eb t\u00eb nj\u00ebjta n\u00eb verb\u00ebrin\u00eb e tyre me ato t\u00eb diktatur\u00ebs komuniste\u201d, tha Berisha.<\/p>\n","protected":false},"excerpt":{"rendered":"<p>Kryetari i PD, Sali Berisha tha se, nuk pres gj\u00eb nga gjykatat, \u00e7do gj\u00eb un\u00eb e pres nga qytetar\u00ebt e vendosur n\u00eb k\u00ebt\u00eb mosbindje. \u201cKy \u00ebsht\u00eb nj\u00eb nga aktet m\u00eb t\u00eb sh\u00ebmtuara, m\u00eb antidemokratiket. Aq sa kam pritur nga Gjykata Kushtetuese, un\u00eb nuk kam pritur, un\u00eb kam menduar se do e fuste n\u00eb kalendat e &hellip;<\/p>\n","protected":false},"author":4,"featured_media":67298,"comment_status":"closed","ping_status":"closed","sticky":false,"template":"","format":"standard","meta":{"footnotes":""},"categories":[37],"tags":[],"class_list":["post-67323","post","type-post","status-publish","format-standard","has-post-thumbnail","","category-politike"],"_links":{"self":[{"href":"https:\/\/rdnews.al\/index.php\/wp-json\/wp\/v2\/posts\/67323","targetHints":{"allow":["GET"]}}],"collection":[{"href":"https:\/\/rdnews.al\/index.php\/wp-json\/wp\/v2\/posts"}],"about":[{"href":"https:\/\/rdnews.al\/index.php\/wp-json\/wp\/v2\/types\/post"}],"author":[{"embeddable":true,"href":"https:\/\/rdnews.al\/index.php\/wp-json\/wp\/v2\/users\/4"}],"replies":[{"embeddable":true,"href":"https:\/\/rdnews.al\/index.php\/wp-json\/wp\/v2\/comments?post=67323"}],"version-history":[{"count":0,"href":"https:\/\/rdnews.al\/index.php\/wp-json\/wp\/v2\/posts\/67323\/revisions"}],"wp:featuredmedia":[{"embeddable":true,"href":"https:\/\/rdnews.al\/index.php\/wp-json\/wp\/v2\/media\/67298"}],"wp:attachment":[{"href":"https:\/\/rdnews.al\/index.php\/wp-json\/wp\/v2\/media?parent=67323"}],"wp:term":[{"taxonomy":"category","embeddable":true,"href":"https:\/\/rdnews.al\/index.php\/wp-json\/wp\/v2\/categories?post=67323"},{"taxonomy":"post_tag","embeddable":true,"href":"https:\/\/rdnews.al\/index.php\/wp-json\/wp\/v2\/tags?post=67323"}],"curies":[{"name":"wp","href":"https:\/\/api.w.org\/{rel}","templated":true}]}}