{"id":67325,"date":"2023-12-25T13:01:17","date_gmt":"2023-12-25T13:01:17","guid":{"rendered":"https:\/\/rdnews.al\/?p=67325"},"modified":"2023-12-25T13:02:49","modified_gmt":"2023-12-25T13:02:49","slug":"berisha-ne-kete-situate-pd-ne-do-ta-drejtoje-sali-berisha","status":"publish","type":"post","link":"https:\/\/rdnews.al\/index.php\/2023\/12\/25\/berisha-ne-kete-situate-pd-ne-do-ta-drejtoje-sali-berisha\/","title":{"rendered":"Berisha: N\u00eb k\u00ebt\u00eb situat\u00eb, PD-n\u00eb do ta drejtoj\u00eb Sali Berisha!"},"content":{"rendered":"<p>Kreu i PD, tha se, Partin\u00eb Demokratike do ta drejtoj\u00eb Sali Berisha, natyrisht kryesia e ngusht\u00eb do merret me drejtimin e pun\u00ebve t\u00eb saj.<br \/>\n\u201cN\u00eb k\u00ebt\u00eb situat\u00eb, PD-n\u00eb do e drejtoj\u00eb Sali Berisha.<br \/>\nHistoria e arrestit t\u00eb lider\u00ebve t\u00eb opozit\u00ebs nuk \u00ebsht\u00eb e re, diktaturat e kan\u00eb p\u00ebrs\u00ebritur dhe kjo po ndodh.<br \/>\nNatyrisht kryesia e PD, kryesia e ngusht\u00eb e saj, jan\u00eb organet q\u00eb do t\u00eb merren me drejtimin e pun\u00ebve t\u00eb saj.<br \/>\nPor kryetari kudo q\u00eb t\u00eb jet\u00eb, do t\u00eb p\u00ebrmbush\u00eb detyrimet e tij.<br \/>\nI gjith\u00eb problemi dhe diskursi, po t\u00eb kesh v\u00ebn\u00eb re mediat e kontrolluara nga qeveria, q\u00eb nuk kishin preokupim jo vendosjen n\u00eb arrest t\u00eb kryetarit t\u00eb partis\u00eb m\u00eb t\u00eb madhe politike, por dhe si t\u00eb thuash, e merrnin nj\u00eb fakt t\u00eb kryer, p\u00ebr t\u00eb cilin nuk ka nevoj\u00eb t\u00eb komentoj\u00eb, duke u b\u00ebr\u00eb n\u00eb nj\u00ebfar\u00eb m\u00ebnyre de facto mb\u00ebshtet\u00ebs t\u00eb k\u00ebtij akti, por merrnin tani se \u00e7\u2019do ndodh\u00eb me PD-n\u00eb.<br \/>\nDuhet t\u2019u them k\u00ebtyre zot\u00ebrinjve se PD do ec\u00eb drejt fitores, drejt p\u00ebrmbysjes s\u00eb diktatur\u00ebs.<br \/>\nNuk ka asnj\u00eb alternativ\u00eb tjet\u00ebr, p\u00ebrkundrazi ky akt vet\u00ebm sa bind \u00e7do shqiptar se jemi n\u00eb kushtet e nj\u00eb diktature, me t\u00eb cil\u00ebn nuk duhet t\u00eb pajtohemi kurr\u00eb\u201d, tha Berisha.<\/p>\n","protected":false},"excerpt":{"rendered":"<p>Kreu i PD, tha se, Partin\u00eb Demokratike do ta drejtoj\u00eb Sali Berisha, natyrisht kryesia e ngusht\u00eb do merret me drejtimin e pun\u00ebve t\u00eb saj. \u201cN\u00eb k\u00ebt\u00eb situat\u00eb, PD-n\u00eb do e drejtoj\u00eb Sali Berisha. Historia e arrestit t\u00eb lider\u00ebve t\u00eb opozit\u00ebs nuk \u00ebsht\u00eb e re, diktaturat e kan\u00eb p\u00ebrs\u00ebritur dhe kjo po ndodh. Natyrisht kryesia e &hellip;<\/p>\n","protected":false},"author":4,"featured_media":67328,"comment_status":"closed","ping_status":"closed","sticky":false,"template":"","format":"standard","meta":{"footnotes":""},"categories":[37],"tags":[],"class_list":["post-67325","post","type-post","status-publish","format-standard","has-post-thumbnail","","category-politike"],"_links":{"self":[{"href":"https:\/\/rdnews.al\/index.php\/wp-json\/wp\/v2\/posts\/67325","targetHints":{"allow":["GET"]}}],"collection":[{"href":"https:\/\/rdnews.al\/index.php\/wp-json\/wp\/v2\/posts"}],"about":[{"href":"https:\/\/rdnews.al\/index.php\/wp-json\/wp\/v2\/types\/post"}],"author":[{"embeddable":true,"href":"https:\/\/rdnews.al\/index.php\/wp-json\/wp\/v2\/users\/4"}],"replies":[{"embeddable":true,"href":"https:\/\/rdnews.al\/index.php\/wp-json\/wp\/v2\/comments?post=67325"}],"version-history":[{"count":0,"href":"https:\/\/rdnews.al\/index.php\/wp-json\/wp\/v2\/posts\/67325\/revisions"}],"wp:featuredmedia":[{"embeddable":true,"href":"https:\/\/rdnews.al\/index.php\/wp-json\/wp\/v2\/media\/67328"}],"wp:attachment":[{"href":"https:\/\/rdnews.al\/index.php\/wp-json\/wp\/v2\/media?parent=67325"}],"wp:term":[{"taxonomy":"category","embeddable":true,"href":"https:\/\/rdnews.al\/index.php\/wp-json\/wp\/v2\/categories?post=67325"},{"taxonomy":"post_tag","embeddable":true,"href":"https:\/\/rdnews.al\/index.php\/wp-json\/wp\/v2\/tags?post=67325"}],"curies":[{"name":"wp","href":"https:\/\/api.w.org\/{rel}","templated":true}]}}