{"id":67345,"date":"2023-12-25T17:48:53","date_gmt":"2023-12-25T17:48:53","guid":{"rendered":"https:\/\/rdnews.al\/?p=67345"},"modified":"2023-12-25T17:48:53","modified_gmt":"2023-12-25T17:48:53","slug":"zjarri-masiv-ne-qendren-tregtare-zjarrfikesit-nuk-kane-mjete","status":"publish","type":"post","link":"https:\/\/rdnews.al\/index.php\/2023\/12\/25\/zjarri-masiv-ne-qendren-tregtare-zjarrfikesit-nuk-kane-mjete\/","title":{"rendered":"Zjarri masiv n\u00eb qendr\u00ebn tregtare, zjarrfik\u00ebsit nuk kan\u00eb mjete"},"content":{"rendered":"<p>Intensifikohen flak\u00ebt n\u00eb qendr\u00ebn tregtare n\u00eb Lushnje. B\u00ebhet e ditur se, edhe pse ka rreth nj\u00eb or\u00eb q\u00eb zjarri ka r\u00ebn\u00eb n\u00eb katin ne tret\u00eb t\u00eb qendr\u00ebs, flak\u00ebt nuk jan\u00eb shuar, por intensifikuar.<\/p>\n<p>Situata \u00ebsht\u00eb tep\u00ebr serioze, pasi dyshohet se mund t\u00eb ket\u00eb familjare t\u00eb bllokuar n\u00eb banesat q\u00eb ndodhen katet e sip\u00ebrme t\u00eb k\u00ebsaj qendre tregtare.<\/p>\n<p>P\u00ebr t\u2019i shp\u00ebtuar flak\u00ebve dhe asfiksimit nga tymi i madh, banor\u00ebt jan\u00eb par\u00eb duke tentuar t\u00eb zbresin nga dritaret e banesave. Nd\u00ebrkoh\u00eb n\u00eb k\u00ebt\u00eb pallat 12 katesh mungojn\u00eb shkall\u00ebt e emergjenc\u00ebs. Po ashtu raportohet se zjarrfik\u00ebsit e k\u00ebtij qyteti nuk jan\u00eb t\u00eb gjitha pajisjet me t\u00eb gjitha mjetet e nevojshme p\u00ebr shuarjen e flak\u00ebve.<\/p>\n","protected":false},"excerpt":{"rendered":"<p>Intensifikohen flak\u00ebt n\u00eb qendr\u00ebn tregtare n\u00eb Lushnje. B\u00ebhet e ditur se, edhe pse ka rreth nj\u00eb or\u00eb q\u00eb zjarri ka r\u00ebn\u00eb n\u00eb katin ne tret\u00eb t\u00eb qendr\u00ebs, flak\u00ebt nuk jan\u00eb shuar, por intensifikuar. Situata \u00ebsht\u00eb tep\u00ebr serioze, pasi dyshohet se mund t\u00eb ket\u00eb familjare t\u00eb bllokuar n\u00eb banesat q\u00eb ndodhen katet e sip\u00ebrme t\u00eb k\u00ebsaj &hellip;<\/p>\n","protected":false},"author":4,"featured_media":67346,"comment_status":"closed","ping_status":"closed","sticky":false,"template":"","format":"standard","meta":{"footnotes":""},"categories":[37],"tags":[],"class_list":["post-67345","post","type-post","status-publish","format-standard","has-post-thumbnail","","category-politike"],"_links":{"self":[{"href":"https:\/\/rdnews.al\/index.php\/wp-json\/wp\/v2\/posts\/67345","targetHints":{"allow":["GET"]}}],"collection":[{"href":"https:\/\/rdnews.al\/index.php\/wp-json\/wp\/v2\/posts"}],"about":[{"href":"https:\/\/rdnews.al\/index.php\/wp-json\/wp\/v2\/types\/post"}],"author":[{"embeddable":true,"href":"https:\/\/rdnews.al\/index.php\/wp-json\/wp\/v2\/users\/4"}],"replies":[{"embeddable":true,"href":"https:\/\/rdnews.al\/index.php\/wp-json\/wp\/v2\/comments?post=67345"}],"version-history":[{"count":0,"href":"https:\/\/rdnews.al\/index.php\/wp-json\/wp\/v2\/posts\/67345\/revisions"}],"wp:featuredmedia":[{"embeddable":true,"href":"https:\/\/rdnews.al\/index.php\/wp-json\/wp\/v2\/media\/67346"}],"wp:attachment":[{"href":"https:\/\/rdnews.al\/index.php\/wp-json\/wp\/v2\/media?parent=67345"}],"wp:term":[{"taxonomy":"category","embeddable":true,"href":"https:\/\/rdnews.al\/index.php\/wp-json\/wp\/v2\/categories?post=67345"},{"taxonomy":"post_tag","embeddable":true,"href":"https:\/\/rdnews.al\/index.php\/wp-json\/wp\/v2\/tags?post=67345"}],"curies":[{"name":"wp","href":"https:\/\/api.w.org\/{rel}","templated":true}]}}