{"id":67440,"date":"2023-12-26T17:39:20","date_gmt":"2023-12-26T17:39:20","guid":{"rendered":"https:\/\/rdnews.al\/?p=67440"},"modified":"2023-12-26T17:39:20","modified_gmt":"2023-12-26T17:39:20","slug":"noka-spak-nje-celule-e-rilindjes-po-perdoret-per-inkuizicion-politik","status":"publish","type":"post","link":"https:\/\/rdnews.al\/index.php\/2023\/12\/26\/noka-spak-nje-celule-e-rilindjes-po-perdoret-per-inkuizicion-politik\/","title":{"rendered":"Noka: SPAK nj\u00eb celul\u00eb e Rilindjes! Po p\u00ebrdoret p\u00ebr inkuizicion politik"},"content":{"rendered":"<p>Deputeti i Partis\u00eb Demokratike, Flamur Noka hodhi akuza t\u00eb forta n\u00eb drejtim t\u00eb Prokuroris\u00eb s\u00eb Posa\u00e7me kund\u00ebr Korrupsionit dhe Krimit t\u00eb Organizuar. N\u00eb nj\u00eb lidhje p\u00ebr News 24, ai tha se SPAK po zbaton urdhrat e Edi Ram\u00ebs p\u00ebr t\u00eb eliminuar opozit\u00ebn.<\/p>\n<p>\u201cSkapi \u00ebsht\u00eb b\u00ebr\u00eb nj\u00eb celul\u00eb e Rilindjes, e cila p\u00ebrdoret p\u00ebr inkuizicion politik dhe vet\u00ebm drejt\u00ebsi jo. Prej gati dy muajsh n\u00eb betej\u00eb me t\u00eb drejt\u00ebn, shqiptar\u00ebt kan\u00eb par\u00eb q\u00eb t\u00ebrbimi me t\u00eb cilin regjimi \u00ebsht\u00eb turrur kund\u00ebr Partis\u00eb Demokratike dhe liderit t\u00eb saj \u00ebsht\u00eb i pashoq. As diktatura e Enver Hoxh\u00ebs nuk e p\u00ebrdorte kaq keq Sigurimin e Shtetit nuk e p\u00ebrdorte si\u00e7 e p\u00ebrdor Edi Rama Skapin.<\/p>\n<p>\u00cbsht\u00eb jasht\u00eb \u00e7do perceptimi q\u00eb nj\u00eb njeri apo nj\u00eb personalitet si\u00e7 \u00ebsht\u00eb Sali Berisha, nj\u00eb njeri q\u00eb \u00ebsht\u00eb ligjv\u00ebn\u00ebs dhe gjith\u00eb jet\u00ebn ia ka kushtuar shtetb\u00ebrjes t\u00eb jet\u00eb pa asnj\u00eb prov\u00eb, pa asnj\u00eb akuz\u00eb t\u00eb jet\u00eb n\u00eb k\u00ebto masa. Shqip\u00ebria sot me urdhra t\u00eb Edi Rama dhe me zbatim t\u00eb Skapit \u00ebsht\u00eb nj\u00eb Iran, \u00ebsht\u00eb nj\u00eb Rusi, dhe Shqip\u00ebria nuk \u00ebsht\u00eb m\u00eb shtet i Evrop\u00ebs.<\/p>\n<p>Jan\u00eb dit\u00eb t\u00eb err\u00ebta p\u00ebr demokracin\u00eb e vendit. T\u00eb l\u00ebsh vendin pa opozit\u00eb, t\u00eb tentosh t\u00eb burgos\u00ebsh kreun e opozit\u00ebs vet\u00ebm se ai nuk n\u00ebnshtrohet, shantazhohet dhe nuk b\u00ebn fake opozit\u00eb vet\u00ebm se po \u00e7monton propagand\u00ebn 10 vje\u00e7are, do t\u00eb thot\u00eb se ti je vet\u00ebm nj\u00eb diktator.<\/p>\n","protected":false},"excerpt":{"rendered":"<p>Deputeti i Partis\u00eb Demokratike, Flamur Noka hodhi akuza t\u00eb forta n\u00eb drejtim t\u00eb Prokuroris\u00eb s\u00eb Posa\u00e7me kund\u00ebr Korrupsionit dhe Krimit t\u00eb Organizuar. N\u00eb nj\u00eb lidhje p\u00ebr News 24, ai tha se SPAK po zbaton urdhrat e Edi Ram\u00ebs p\u00ebr t\u00eb eliminuar opozit\u00ebn. \u201cSkapi \u00ebsht\u00eb b\u00ebr\u00eb nj\u00eb celul\u00eb e Rilindjes, e cila p\u00ebrdoret p\u00ebr inkuizicion politik &hellip;<\/p>\n","protected":false},"author":4,"featured_media":51252,"comment_status":"closed","ping_status":"closed","sticky":false,"template":"","format":"standard","meta":{"footnotes":""},"categories":[37],"tags":[],"class_list":["post-67440","post","type-post","status-publish","format-standard","has-post-thumbnail","","category-politike"],"_links":{"self":[{"href":"https:\/\/rdnews.al\/index.php\/wp-json\/wp\/v2\/posts\/67440","targetHints":{"allow":["GET"]}}],"collection":[{"href":"https:\/\/rdnews.al\/index.php\/wp-json\/wp\/v2\/posts"}],"about":[{"href":"https:\/\/rdnews.al\/index.php\/wp-json\/wp\/v2\/types\/post"}],"author":[{"embeddable":true,"href":"https:\/\/rdnews.al\/index.php\/wp-json\/wp\/v2\/users\/4"}],"replies":[{"embeddable":true,"href":"https:\/\/rdnews.al\/index.php\/wp-json\/wp\/v2\/comments?post=67440"}],"version-history":[{"count":0,"href":"https:\/\/rdnews.al\/index.php\/wp-json\/wp\/v2\/posts\/67440\/revisions"}],"wp:featuredmedia":[{"embeddable":true,"href":"https:\/\/rdnews.al\/index.php\/wp-json\/wp\/v2\/media\/51252"}],"wp:attachment":[{"href":"https:\/\/rdnews.al\/index.php\/wp-json\/wp\/v2\/media?parent=67440"}],"wp:term":[{"taxonomy":"category","embeddable":true,"href":"https:\/\/rdnews.al\/index.php\/wp-json\/wp\/v2\/categories?post=67440"},{"taxonomy":"post_tag","embeddable":true,"href":"https:\/\/rdnews.al\/index.php\/wp-json\/wp\/v2\/tags?post=67440"}],"curies":[{"name":"wp","href":"https:\/\/api.w.org\/{rel}","templated":true}]}}