{"id":67442,"date":"2023-12-26T17:56:35","date_gmt":"2023-12-26T17:56:35","guid":{"rendered":"https:\/\/rdnews.al\/?p=67442"},"modified":"2023-12-26T17:56:35","modified_gmt":"2023-12-26T17:56:35","slug":"viti-2023-nje-vit-suksesi-per-sigal-uniqa-ponari-ja-planet-dhe-sfidat-per-2024-en","status":"publish","type":"post","link":"https:\/\/rdnews.al\/index.php\/2023\/12\/26\/viti-2023-nje-vit-suksesi-per-sigal-uniqa-ponari-ja-planet-dhe-sfidat-per-2024-en\/","title":{"rendered":"Viti 2023 nj\u00eb vit suksesi p\u00ebr SIGAL UNIQA, Ponari: Ja planet dhe sfidat p\u00ebr 2024-\u00ebn"},"content":{"rendered":"<p>SIGAL UNIQA Group Austria e mbyll vitin 2023 aty ku e nisi, si kompania m\u00eb e madhe dhe m\u00eb e besuar e sigurimeve n\u00eb Shqip\u00ebri dhe jo vet\u00ebm.<\/p>\n<p>N\u00eb nj\u00eb intervist\u00eb p\u00ebr Top News, CEO i \u201cSIGAL UNIQA Group Austria\u201d, z. Avni Ponari, b\u00ebri nj\u00eb rezyme t\u00eb vitit q\u00eb po lem\u00eb pas duke u shprehur me nota pozitive edhe sa i p\u00ebrket nd\u00ebrgjegj\u00ebsimit t\u00eb qytetar\u00ebve mbi sigurimet vullnetare.<\/p>\n<p><em>\u201c2023 ka qen\u00eb nj\u00eb vit sfidash t\u00eb m\u00ebdha. Ka qen\u00eb nj\u00eb vit i rritjes t\u00eb t\u00eb ardhurave dhe primeve por ka qen\u00eb edhe nj\u00eb vit i nd\u00ebrgjegj\u00ebsimit t\u00eb qytetar\u00ebve p\u00ebr t\u00eb patur m\u00eb shum\u00eb sigurime.<\/em><\/p>\n<p><em>SIGAL UNIQA \u00ebsht\u00eb n\u00eb pozitat kryesuese n\u00eb Shqip\u00ebri, Kosov\u00eb dhe Maqedonin\u00eb e Veriut. Ajo z\u00eb vendin e par\u00eb n\u00eb k\u00ebto tri shtete dhe natyrisht mban vendin e par\u00eb edhe n\u00eb pages\u00ebn e d\u00ebmeve\u201d,\u00a0<\/em>shprehet Ponari.<em>\u00a0<\/em><\/p>\n<div>\n<div id=\"div-gpt-ad-1634289484286-0\" class=\"amp-wp-3ac2f0d\"><strong>Por si pritet t\u00eb jet\u00eb viti 2024 p\u00ebr SIGAL UNIQA-n? \u00c7far\u00eb sfidash e presin?<\/strong><\/div>\n<\/div>\n<p><em>\u201cN\u00eb 2024-\u00ebn sfidat jan\u00eb edhe m\u00eb t\u00eb m\u00ebdha. Ve\u00e7an\u00ebrisht p\u00ebrq\u00ebndrimi do t\u00eb jet\u00eb n\u00eb sigurimet online, n\u00eb ofrimin e produkteve q\u00eb jan\u00eb m\u00eb t\u00eb k\u00ebrkuara dhe m\u00eb t\u00eb sakta p\u00ebr t\u00eb krijuar nj\u00eb pavar\u00ebsi sa m\u00eb t\u00eb plot\u00eb p\u00ebr \u00e7do qytetar. Sepse e kemi th\u00ebn\u00eb q\u00eb, n\u00ebse je i siguruar dhe je i mbuluar me t\u00eb gjitha produktet at\u00ebher\u00eb ti nuk ke m\u00eb nevoj\u00eb t\u00eb shkosh zyrave t\u00eb shtetit apo administrat\u00ebs shtet\u00ebrore duke shmangur t\u00eb gjitha burokracit\u00eb dhe duke p\u00ebrfituar at\u00eb q\u00eb t\u00eb takon bazuar n\u00eb kontrat\u00ebn e sigurimit. Prandaj, kjo mbetet sfida jon\u00eb gjithmon\u00eb.<\/em><\/p>\n<p><em>Ndaj, bota europiane dhe bota e civilizuar mbulimet n\u00eb sigurim i ka nj\u00eb faktor t\u00eb r\u00ebnd\u00ebsish\u00ebm p\u00ebr t\u00eb krijuar nj\u00eb qytetar t\u00eb lir\u00eb dhe t\u00eb pavarur nga administrata shtet\u00ebrore\u201d<\/em><\/p>\n<p><strong>N\u00eb fund nuk mund t\u00eb mungonte edhe urimi p\u00ebr festat e fundvitit.<\/strong><\/p>\n<p><em>\u201cMe k\u00ebt\u00eb rast un\u00eb p\u00ebrfitoj t\u00eb uroj t\u00eb gjith\u00eb klient\u00ebt e SIGAL UNIQA, Shqip\u00ebri, Kosov\u00eb dhe Maqedonin\u00eb e Veriut. Por edhe ata q\u00eb jan\u00eb pjes\u00eb e grupit t\u00eb madh \u201cUNIQA\u201d, mbi 16 milion\u00eb klient\u00eb, G\u00ebzuar Festat! Uroj q\u00eb viti tjet\u00ebr ti gjej\u00eb m\u00eb t\u00eb angazhuar, m\u00eb af\u00ebr me tregun e sigurimeve, m\u00eb af\u00ebr me shitjet e risqeve t\u00eb kompanive t\u00eb sigurimit p\u00ebr t\u00eb qen\u00eb qytetar\u00eb dinjitoz\u00eb kudo q\u00eb banojn\u00eb\u201d,\u00a0<\/em>uron CEO i \u201cSIGAL UNIQA Group Austria\u201d, Avni Ponari.<\/p>\n<figure class=\"wp-block-embed-youtube wp-block-embed is-type-video is-provider-youtube wp-has-aspect-ratio\">\n<div class=\"wp-block-embed__wrapper\"><iframe class=\"i-amphtml-fill-content\" title=\"YouTube video\" src=\"https:\/\/www.youtube.com\/embed\/XGKAFUGp1tQ?enablejsapi=1&amp;amp=1&amp;playsinline=1\" frameborder=\"0\" allowfullscreen=\"allowfullscreen\" data-mce-fragment=\"1\"><\/iframe><\/div>\n<\/figure>\n<p><strong>SIGAL UNIQA Group Austria, jetojm\u00eb m\u00eb mir\u00eb s\u00eb bashku<\/strong><\/p>\n<p><strong>Web:\u00a0<\/strong><a href=\"http:\/\/www.sigal.com.al\/\" target=\"_blank\" rel=\"noopener\"><strong>www.sigal.com.al<\/strong><\/a><\/p>\n<p><strong>E-mail:\u00a0<\/strong><a href=\"mailto:info@uniqa.al\"><strong>info@uniqa.al<\/strong><\/a><\/p>\n<p><strong>Whatsapp:\u00a0<a href=\"tel:068 60 62 829\">068 60 62 829<\/a><\/strong><\/p>\n","protected":false},"excerpt":{"rendered":"<p>SIGAL UNIQA Group Austria e mbyll vitin 2023 aty ku e nisi, si kompania m\u00eb e madhe dhe m\u00eb e besuar e sigurimeve n\u00eb Shqip\u00ebri dhe jo vet\u00ebm. N\u00eb nj\u00eb intervist\u00eb p\u00ebr Top News, CEO i \u201cSIGAL UNIQA Group Austria\u201d, z. Avni Ponari, b\u00ebri nj\u00eb rezyme t\u00eb vitit q\u00eb po lem\u00eb pas duke u shprehur &hellip;<\/p>\n","protected":false},"author":4,"featured_media":67443,"comment_status":"closed","ping_status":"closed","sticky":false,"template":"","format":"standard","meta":{"footnotes":""},"categories":[46],"tags":[],"class_list":["post-67442","post","type-post","status-publish","format-standard","has-post-thumbnail","","category-ekonomi"],"_links":{"self":[{"href":"https:\/\/rdnews.al\/index.php\/wp-json\/wp\/v2\/posts\/67442","targetHints":{"allow":["GET"]}}],"collection":[{"href":"https:\/\/rdnews.al\/index.php\/wp-json\/wp\/v2\/posts"}],"about":[{"href":"https:\/\/rdnews.al\/index.php\/wp-json\/wp\/v2\/types\/post"}],"author":[{"embeddable":true,"href":"https:\/\/rdnews.al\/index.php\/wp-json\/wp\/v2\/users\/4"}],"replies":[{"embeddable":true,"href":"https:\/\/rdnews.al\/index.php\/wp-json\/wp\/v2\/comments?post=67442"}],"version-history":[{"count":0,"href":"https:\/\/rdnews.al\/index.php\/wp-json\/wp\/v2\/posts\/67442\/revisions"}],"wp:featuredmedia":[{"embeddable":true,"href":"https:\/\/rdnews.al\/index.php\/wp-json\/wp\/v2\/media\/67443"}],"wp:attachment":[{"href":"https:\/\/rdnews.al\/index.php\/wp-json\/wp\/v2\/media?parent=67442"}],"wp:term":[{"taxonomy":"category","embeddable":true,"href":"https:\/\/rdnews.al\/index.php\/wp-json\/wp\/v2\/categories?post=67442"},{"taxonomy":"post_tag","embeddable":true,"href":"https:\/\/rdnews.al\/index.php\/wp-json\/wp\/v2\/tags?post=67442"}],"curies":[{"name":"wp","href":"https:\/\/api.w.org\/{rel}","templated":true}]}}