{"id":67447,"date":"2023-12-26T19:02:41","date_gmt":"2023-12-26T19:02:41","guid":{"rendered":"https:\/\/rdnews.al\/?p=67447"},"modified":"2023-12-26T19:02:41","modified_gmt":"2023-12-26T19:02:41","slug":"perse-spak-kerkon-nje-mase-sigurie-edhe-pse-i-vetedijshem-se-nuk-ka-nje-cenim-sigurie","status":"publish","type":"post","link":"https:\/\/rdnews.al\/index.php\/2023\/12\/26\/perse-spak-kerkon-nje-mase-sigurie-edhe-pse-i-vetedijshem-se-nuk-ka-nje-cenim-sigurie\/","title":{"rendered":"P\u00ebrse SPAK k\u00ebrkon nj\u00eb \u201cmas\u00eb sigurie\u201d edhe pse i vet\u00ebdijsh\u00ebm se nuk ka nj\u00eb \u201cc\u00ebnim sigurie\u201d&#8230;?!"},"content":{"rendered":"<p><strong>Nga\u00a0Gent STRAZIMIRI<\/strong><\/p>\n<p>N\u00ebse flasim p\u00ebr ligj,\u00a0&#8220;MASA E SIGURIS\u00cb&#8221;\u00a0e k\u00ebrkuar nga SPAK, do t\u00eb kishte p\u00ebr q\u00ebllim\u00a0T\u00cb SIGUROJ\u00cb\u00a0q\u00eb Sali Berisha,\u00a0T\u00cb MOS LARGOHET\u00a0dhe\u00a0T\u00cb MOS FSHIHET\u00a0p\u00ebr t&#8217;i b\u00ebr\u00eb bisht procesit&#8230;<\/p>\n<p>Kjo \u00ebsht\u00eb hap\u00ebsira e vetme ligjore mbi t\u00eb cil\u00ebn mund t\u00eb k\u00ebrkohet dhe p\u00ebr pasoj\u00eb t\u00eb akordohet nj\u00eb\u00a0&#8220;MAS\u00cb SIGURIE&#8221;!<\/p>\n<p>N\u00ebse\u00a0NUK EKZISTON NJ\u00cb C\u00cbNIM I SIGURIS\u00cb, nuk ka asnj\u00eb arsye t\u00eb merret nj\u00eb\u00a0&#8220;MAS\u00cb SIGURIE&#8221;!<\/p>\n<p>N\u00ebse Sali Berisha \u00ebsht\u00eb v\u00ebrtet\u00eb &#8220;i barabart\u00eb para ligjit si t\u00eb gjith\u00eb shtetasit e Republik\u00ebs&#8221;, si\u00e7 u shpreh para Kuvendit Arben Kraja, nes\u00ebr gjykata duhet t\u00eb rr\u00ebzoj\u00eb k\u00ebrkes\u00ebn si\u00a0T\u00cb PAARGUMENTUAR E T\u00cb PABAZUAR N\u00cb LIGJ!<\/p>\n<p>Duhet ta b\u00ebj\u00eb bazuar mbi deklarimet e vet\u00eb prokuror\u00ebve t\u00eb cil\u00ebt d\u00ebshmojn\u00eb se Sali Berisha jo vet\u00ebm nuk fshihet, por (citoj) &#8220;\u00ebsht\u00eb gjith\u00eb dit\u00ebn n\u00eb medie dhe televizione&#8230;&#8221;, madje duke u marr\u00eb vet\u00ebm me procesin n\u00eb fjal\u00eb&#8230;<\/p>\n<p>N\u00ebse Sali Berisha \u00ebsht\u00eb v\u00ebrtet\u00eb &#8220;i barabart\u00eb para ligjit si t\u00eb gjith\u00eb t\u00eb tjer\u00ebt&#8221;, gjykata nes\u00ebr duhet t&#8217;i shpjegoj\u00eb prokurorit se argumenti &#8220;nuk ka respektuar vendimin e gjykat\u00ebs&#8221;, \u00ebsht\u00eb k\u00ebrkes\u00eb p\u00ebr t\u00eb\u00a0ND\u00cbSHKUAR\u00a0Sali Berish\u00ebn, dhe jo p\u00ebr t\u00eb\u00a0&#8220;SIGURUAR&#8221;\u00a0moslargimin apo fshehjen e tij, arsye p\u00ebr t\u00eb cil\u00ebn zhvillohet dhe gjyqi i nes\u00ebrm&#8230;<\/p>\n<p>K\u00ebsisoj, derisa prokuroria t\u00eb paraqes\u00eb dyshim t\u00eb arsyesh\u00ebm, bazuar n\u00eb fakte se Sali Berisha po tenton t\u00eb fshihet apo t\u00eb largohet, gjykata nuk do t\u00eb lejoj\u00eb asnj\u00eb mas\u00eb sigurie ndaj tij&#8230;<\/p>\n<p>N\u00ebse k\u00ebrkes\u00ebn dhe fjal\u00ebt e Arben Kraj\u00ebs para Kuvendit dhe ato t\u00eb SPAK drejtuar gjykat\u00ebs ia shpjegon nj\u00eb \u00e7far\u00ebdo penalisti amerikan, ai do t\u00eb reagonte i habitur me tri fjal\u00eb t\u00eb ndyra n\u00eb anglisht, q\u00eb n\u00eb shqip do t\u00eb ting\u00ebllonin pak a shum\u00eb si:\u00a0WHAT THE SPAK&#8230;..?<\/p>\n<p>M\u00eb tej akoma, n\u00ebse kjo palo- k\u00ebrkesa e SPAK do t\u00eb pranohej nga gjykata, ai do t&#8217;u thoshte qart\u00eb past\u00ebr dhe bukur edhe gjykat\u00ebs edhe SPAK-ut edhe mb\u00ebshtet\u00ebsve t\u00eb tyre: [\ud83d\udd95]\u00a0SPAK YOU [\ud83d\udd95] KAQ!<\/p>\n<p><img loading=\"lazy\" decoding=\"async\" class=\"alignnone size-medium wp-image-67448\" src=\"https:\/\/rdnews.al\/wp-content\/uploads\/2023\/12\/kraj-1-230x300.jpg\" alt=\"\" width=\"230\" height=\"300\" \/><\/p>\n","protected":false},"excerpt":{"rendered":"<p>Nga\u00a0Gent STRAZIMIRI N\u00ebse flasim p\u00ebr ligj,\u00a0&#8220;MASA E SIGURIS\u00cb&#8221;\u00a0e k\u00ebrkuar nga SPAK, do t\u00eb kishte p\u00ebr q\u00ebllim\u00a0T\u00cb SIGUROJ\u00cb\u00a0q\u00eb Sali Berisha,\u00a0T\u00cb MOS LARGOHET\u00a0dhe\u00a0T\u00cb MOS FSHIHET\u00a0p\u00ebr t&#8217;i b\u00ebr\u00eb bisht procesit&#8230; Kjo \u00ebsht\u00eb hap\u00ebsira e vetme ligjore mbi t\u00eb cil\u00ebn mund t\u00eb k\u00ebrkohet dhe p\u00ebr pasoj\u00eb t\u00eb akordohet nj\u00eb\u00a0&#8220;MAS\u00cb SIGURIE&#8221;! N\u00ebse\u00a0NUK EKZISTON NJ\u00cb C\u00cbNIM I SIGURIS\u00cb, nuk ka asnj\u00eb &hellip;<\/p>\n","protected":false},"author":4,"featured_media":0,"comment_status":"closed","ping_status":"closed","sticky":false,"template":"","format":"standard","meta":{"footnotes":""},"categories":[44],"tags":[],"class_list":["post-67447","post","type-post","status-publish","format-standard","","category-editorial"],"_links":{"self":[{"href":"https:\/\/rdnews.al\/index.php\/wp-json\/wp\/v2\/posts\/67447","targetHints":{"allow":["GET"]}}],"collection":[{"href":"https:\/\/rdnews.al\/index.php\/wp-json\/wp\/v2\/posts"}],"about":[{"href":"https:\/\/rdnews.al\/index.php\/wp-json\/wp\/v2\/types\/post"}],"author":[{"embeddable":true,"href":"https:\/\/rdnews.al\/index.php\/wp-json\/wp\/v2\/users\/4"}],"replies":[{"embeddable":true,"href":"https:\/\/rdnews.al\/index.php\/wp-json\/wp\/v2\/comments?post=67447"}],"version-history":[{"count":0,"href":"https:\/\/rdnews.al\/index.php\/wp-json\/wp\/v2\/posts\/67447\/revisions"}],"wp:attachment":[{"href":"https:\/\/rdnews.al\/index.php\/wp-json\/wp\/v2\/media?parent=67447"}],"wp:term":[{"taxonomy":"category","embeddable":true,"href":"https:\/\/rdnews.al\/index.php\/wp-json\/wp\/v2\/categories?post=67447"},{"taxonomy":"post_tag","embeddable":true,"href":"https:\/\/rdnews.al\/index.php\/wp-json\/wp\/v2\/tags?post=67447"}],"curies":[{"name":"wp","href":"https:\/\/api.w.org\/{rel}","templated":true}]}}