{"id":67458,"date":"2023-12-27T08:09:29","date_gmt":"2023-12-27T08:09:29","guid":{"rendered":"https:\/\/rdnews.al\/?p=67458"},"modified":"2023-12-27T08:09:29","modified_gmt":"2023-12-27T08:09:29","slug":"xhaferraj-berisha-eshte-i-provuar-me-dy-pale-zgjedhje-qe-eshte-aktori-me-i-madh-opozitar","status":"publish","type":"post","link":"https:\/\/rdnews.al\/index.php\/2023\/12\/27\/xhaferraj-berisha-eshte-i-provuar-me-dy-pale-zgjedhje-qe-eshte-aktori-me-i-madh-opozitar\/","title":{"rendered":"Xhaferraj: Berisha \u00ebsht\u00eb i provuar me dy pal\u00eb zgjedhje q\u00eb \u00ebsht\u00eb aktori m\u00eb i madh opozitar"},"content":{"rendered":"<p>Deputeti i PD, Ferdinand Xhaferraj, pjes\u00eb e panelit t\u00eb emisionit \u201cTop Story\u201d theksoi se \u00e7\u00ebshtja ligjore ndaj ish-kryeministrit Sali Berisha ishte me standarte t\u00eb dyfishta.<\/p>\n<p>\u201cP\u00ebr k\u00ebta q\u00eb jan\u00eb n\u00eb fush\u00eb betej\u00eb, Berisha \u00ebsht\u00eb i provuar me dy pal\u00eb zgjedhje q\u00eb \u00ebsht\u00eb aktori m\u00eb i madh opozitar. Fokusi duhej tek ai ku ka investuar shoq\u00ebria, tek sistemi i drejt\u00ebsis\u00eb. Kemi qen\u00eb mb\u00ebshtet\u00ebs t\u00eb reform\u00ebs n\u00eb drejt\u00ebsi, e para qytetar\u00ebt nuk kan\u00eb qen\u00eb t\u00eb barabart\u00eb para ligjit, korrupsioni, pavar\u00ebsisht se vendimi ishte n\u00eb bazament t\u00eb l\u00ebkundsh\u00ebm, aq m\u00eb shum\u00eb p\u00ebr nj\u00eb ish president, ka detyrimin q\u00eb ta respektoj\u00eb, kjo q\u00eb b\u00ebri nuk e mb\u00ebshtes. Por kemi nj\u00eb por t\u00eb madhe, n\u00ebse qytetar\u00ebt jan\u00eb t\u00eb barabart\u00eb para ligjit, standardet i kemi pasur t\u00eb dyfishta.<\/p>\n<p>I kufizohet liria nj\u00eb deputeti pa i hequr imunitetin, vet\u00ebm 7 faqe relacion e vendos n\u00eb nj\u00eb bazament t\u00eb l\u00ebkundsh\u00ebm. Nuk heq dor\u00eb nga mb\u00ebshtetja ime p\u00ebr SPAK-un, por nuk i k\u00ebrkojm\u00eb SPAK\u00a0t\u00eb sillet si peshore farmacie.<\/p>\n<p>Problemi q\u00eb kemi si opozit\u00eb, gjithmon\u00eb kam argumentuar se Berisha mund t\u00eb konstruktoj\u00eb nj\u00eb opozit\u00eb t\u00eb v\u00ebrtet\u00eb. Nuk \u00ebsht\u00eb n\u00eb gjendje t\u00eb konstruktoj\u00eb nj\u00eb opozit\u00eb fituese. Un\u00eb e kam t\u00eb v\u00ebshtir\u00eb t\u00eb mbaj tez\u00ebn q\u00eb duhet t\u00eb jap\u00ebsh dor\u00ebheqjen\u201d,\u00a0tha Xhaferraj.<\/p>\n","protected":false},"excerpt":{"rendered":"<p>Deputeti i PD, Ferdinand Xhaferraj, pjes\u00eb e panelit t\u00eb emisionit \u201cTop Story\u201d theksoi se \u00e7\u00ebshtja ligjore ndaj ish-kryeministrit Sali Berisha ishte me standarte t\u00eb dyfishta. \u201cP\u00ebr k\u00ebta q\u00eb jan\u00eb n\u00eb fush\u00eb betej\u00eb, Berisha \u00ebsht\u00eb i provuar me dy pal\u00eb zgjedhje q\u00eb \u00ebsht\u00eb aktori m\u00eb i madh opozitar. Fokusi duhej tek ai ku ka investuar shoq\u00ebria, &hellip;<\/p>\n","protected":false},"author":4,"featured_media":67459,"comment_status":"closed","ping_status":"closed","sticky":false,"template":"","format":"standard","meta":{"footnotes":""},"categories":[37],"tags":[],"class_list":["post-67458","post","type-post","status-publish","format-standard","has-post-thumbnail","","category-politike"],"_links":{"self":[{"href":"https:\/\/rdnews.al\/index.php\/wp-json\/wp\/v2\/posts\/67458","targetHints":{"allow":["GET"]}}],"collection":[{"href":"https:\/\/rdnews.al\/index.php\/wp-json\/wp\/v2\/posts"}],"about":[{"href":"https:\/\/rdnews.al\/index.php\/wp-json\/wp\/v2\/types\/post"}],"author":[{"embeddable":true,"href":"https:\/\/rdnews.al\/index.php\/wp-json\/wp\/v2\/users\/4"}],"replies":[{"embeddable":true,"href":"https:\/\/rdnews.al\/index.php\/wp-json\/wp\/v2\/comments?post=67458"}],"version-history":[{"count":0,"href":"https:\/\/rdnews.al\/index.php\/wp-json\/wp\/v2\/posts\/67458\/revisions"}],"wp:featuredmedia":[{"embeddable":true,"href":"https:\/\/rdnews.al\/index.php\/wp-json\/wp\/v2\/media\/67459"}],"wp:attachment":[{"href":"https:\/\/rdnews.al\/index.php\/wp-json\/wp\/v2\/media?parent=67458"}],"wp:term":[{"taxonomy":"category","embeddable":true,"href":"https:\/\/rdnews.al\/index.php\/wp-json\/wp\/v2\/categories?post=67458"},{"taxonomy":"post_tag","embeddable":true,"href":"https:\/\/rdnews.al\/index.php\/wp-json\/wp\/v2\/tags?post=67458"}],"curies":[{"name":"wp","href":"https:\/\/api.w.org\/{rel}","templated":true}]}}