{"id":67461,"date":"2023-12-27T08:18:24","date_gmt":"2023-12-27T08:18:24","guid":{"rendered":"https:\/\/rdnews.al\/?p=67461"},"modified":"2023-12-27T08:41:20","modified_gmt":"2023-12-27T08:41:20","slug":"protestuesit-rrethojne-gjykaten-e-larte","status":"publish","type":"post","link":"https:\/\/rdnews.al\/index.php\/2023\/12\/27\/protestuesit-rrethojne-gjykaten-e-larte\/","title":{"rendered":"Protestuesit rrethojn\u00eb Gjykat\u00ebn e Lart\u00eb"},"content":{"rendered":"<p>Protestuesit kan\u00eb rrethuar Gjykat\u00ebn e Lart\u00eb, nd\u00ebrsa n\u00eb rrug\u00eb ndodhen forca t\u00eb shumta policie.<\/p>\n<p>\u201cMund t\u00eb blini vul\u00ebn, por nuk mund t\u00eb blini kurr\u00eb opozit\u00ebn\u201d, thuhet n\u00eb nj\u00eb nga pankartat.<\/p>\n<p>Qytetar\u00ebt mbajn\u00eb n\u00eb duar flamujt e Partis\u00eb Demokratike.<\/p>\n<p>Ka prezenc\u00eb t\u00eb lart\u00eb t\u00eb efektiv\u00ebve t\u00eb Policis\u00eb, ku ka patur dhe incidente me protestuesit t\u00eb cil\u00ebt kan\u00eb bllokuar qarkullimin e automjeteve n\u00eb rrug\u00ebn \u201cMyslym Shyri\u201d.<\/p>\n<p>Seanca n\u00eb Gjykat\u00ebn e Lart\u00eb ka nisur\u00a0n\u00eb or\u00ebn 09:00, ku do t\u00eb zhvillohet n\u00eb Dhom\u00eb K\u00ebshillimi. \u00c7\u00ebshtja do t\u00eb shqyrtohet nga gjyqtar\u00ebt, Artur Kalaja, Ervin Pule dhe Dariel Sina. Seanca do t\u00eb zhvillohet n\u00eb Dhom\u00eb K\u00ebshillimi.<\/p>\n<p>Vendimi i par\u00eb p\u00ebr logon dhe vul\u00ebn e PD-s\u00eb u mor nga gjykat\u00ebsi i Tiran\u00ebs, Agron Zhukri n\u00eb 25 mars 2022. Ai e konsideroi t\u00eb ligjsh\u00ebm kuvendin q\u00eb ish-kryeministri Sali Berisha n\u00eb 11 Dhjetor 2021. Sipas Zhukrit, procedura e ndjekur ishte e rregullt dhe e bazuar n\u00eb statutin e k\u00ebsaj force politike. Gjykat\u00ebsi p\u00ebrcaktoi detyrimin q\u00eb t\u00eb gjitha ndryshimet statutore dhe ato p\u00ebr riorganizimin e strukturave partiake deri n\u00eb zgjedhjen e organeve t\u00eb reja drejtuese t\u00eb reflektoheshin n\u00eb regjistrin e partive politike.<\/p>\n<p><img loading=\"lazy\" decoding=\"async\" class=\"alignnone size-medium wp-image-67476\" src=\"https:\/\/rdnews.al\/wp-content\/uploads\/2023\/12\/1-34-300x225.jpg\" alt=\"\" width=\"300\" height=\"225\" srcset=\"https:\/\/rdnews.al\/wp-content\/uploads\/2023\/12\/1-34-300x225.jpg 300w, https:\/\/rdnews.al\/wp-content\/uploads\/2023\/12\/1-34-1024x767.jpg 1024w, https:\/\/rdnews.al\/wp-content\/uploads\/2023\/12\/1-34-768x575.jpg 768w, https:\/\/rdnews.al\/wp-content\/uploads\/2023\/12\/1-34.jpg 1284w\" sizes=\"auto, (max-width: 300px) 100vw, 300px\" \/><\/p>\n<p><img loading=\"lazy\" decoding=\"async\" class=\"alignnone size-medium wp-image-67462\" src=\"https:\/\/rdnews.al\/wp-content\/uploads\/2023\/12\/pp-300x172.jpg\" alt=\"\" width=\"300\" height=\"172\" srcset=\"https:\/\/rdnews.al\/wp-content\/uploads\/2023\/12\/pp-300x172.jpg 300w, https:\/\/rdnews.al\/wp-content\/uploads\/2023\/12\/pp.jpg 700w\" sizes=\"auto, (max-width: 300px) 100vw, 300px\" \/><\/p>\n","protected":false},"excerpt":{"rendered":"<p>Protestuesit kan\u00eb rrethuar Gjykat\u00ebn e Lart\u00eb, nd\u00ebrsa n\u00eb rrug\u00eb ndodhen forca t\u00eb shumta policie. \u201cMund t\u00eb blini vul\u00ebn, por nuk mund t\u00eb blini kurr\u00eb opozit\u00ebn\u201d, thuhet n\u00eb nj\u00eb nga pankartat. Qytetar\u00ebt mbajn\u00eb n\u00eb duar flamujt e Partis\u00eb Demokratike. Ka prezenc\u00eb t\u00eb lart\u00eb t\u00eb efektiv\u00ebve t\u00eb Policis\u00eb, ku ka patur dhe incidente me protestuesit t\u00eb cil\u00ebt &hellip;<\/p>\n","protected":false},"author":4,"featured_media":0,"comment_status":"closed","ping_status":"closed","sticky":false,"template":"","format":"standard","meta":{"footnotes":""},"categories":[37],"tags":[],"class_list":["post-67461","post","type-post","status-publish","format-standard","","category-politike"],"_links":{"self":[{"href":"https:\/\/rdnews.al\/index.php\/wp-json\/wp\/v2\/posts\/67461","targetHints":{"allow":["GET"]}}],"collection":[{"href":"https:\/\/rdnews.al\/index.php\/wp-json\/wp\/v2\/posts"}],"about":[{"href":"https:\/\/rdnews.al\/index.php\/wp-json\/wp\/v2\/types\/post"}],"author":[{"embeddable":true,"href":"https:\/\/rdnews.al\/index.php\/wp-json\/wp\/v2\/users\/4"}],"replies":[{"embeddable":true,"href":"https:\/\/rdnews.al\/index.php\/wp-json\/wp\/v2\/comments?post=67461"}],"version-history":[{"count":0,"href":"https:\/\/rdnews.al\/index.php\/wp-json\/wp\/v2\/posts\/67461\/revisions"}],"wp:attachment":[{"href":"https:\/\/rdnews.al\/index.php\/wp-json\/wp\/v2\/media?parent=67461"}],"wp:term":[{"taxonomy":"category","embeddable":true,"href":"https:\/\/rdnews.al\/index.php\/wp-json\/wp\/v2\/categories?post=67461"},{"taxonomy":"post_tag","embeddable":true,"href":"https:\/\/rdnews.al\/index.php\/wp-json\/wp\/v2\/tags?post=67461"}],"curies":[{"name":"wp","href":"https:\/\/api.w.org\/{rel}","templated":true}]}}