{"id":67469,"date":"2023-12-27T08:27:43","date_gmt":"2023-12-27T08:27:43","guid":{"rendered":"https:\/\/rdnews.al\/?p=67469"},"modified":"2023-12-27T08:27:43","modified_gmt":"2023-12-27T08:27:43","slug":"noka-ne-jemi-ne-proteste-ne-mosbindje-civile-ta-harrojne-se-do-te-terhiqemi","status":"publish","type":"post","link":"https:\/\/rdnews.al\/index.php\/2023\/12\/27\/noka-ne-jemi-ne-proteste-ne-mosbindje-civile-ta-harrojne-se-do-te-terhiqemi\/","title":{"rendered":"Noka: Ne jemi n\u00eb protest\u00eb, n\u00eb mosbindje civile! Ta harrojn\u00eb se do t\u00eb t\u00ebrhiqemi!"},"content":{"rendered":"<p>Deputeti i Partis\u00eb Demokratike, Flamur Noka deklaroi se policia nuk ka marr\u00eb asnj\u00eb mas\u00eb dhe nuk i ka lejuar q\u00eb t\u00eb nd\u00ebrtojn\u00eb nj\u00eb sken\u00eb ku do t\u00eb flasin protestuesit para Gjykat\u00ebs s\u00eb Lart\u00eb.<\/p>\n<p>Ai theksoi se kjo \u00ebsht\u00eb strategji e Rilindjes, nd\u00ebrsa shtoi se nuk do t\u00eb t\u00ebrhiqen nga protestat dhe mosbindja civile.<\/p>\n<p>\u201cDuhet t\u00eb pyesni Rilindjen, band\u00ebn n\u00eb pushtet. Kemi marr\u00eb leje, por nuk \u00ebsht\u00eb marr\u00eb asnj\u00eb mas\u00eb. Nuk na l\u00ebn\u00eb t\u00eb nd\u00ebrtojm\u00eb sken\u00ebn. Ne jemi n\u00eb protest\u00eb, n\u00eb mosbindje civile. Ta harrojn\u00eb se do t\u00eb t\u00ebrhiqemi. P\u00ebrdit\u00eb do t\u00eb jemi n\u00eb protest\u00eb. S\u2019ka as Edi Ram\u00eb apo band\u00eb n\u00eb pushtet q\u00eb t\u00eb na ndaloj\u00eb. T\u00eb b\u00ebjn\u00eb \u00e7\u2019t\u00eb duan\u201d, tha Noka.<\/p>\n","protected":false},"excerpt":{"rendered":"<p>Deputeti i Partis\u00eb Demokratike, Flamur Noka deklaroi se policia nuk ka marr\u00eb asnj\u00eb mas\u00eb dhe nuk i ka lejuar q\u00eb t\u00eb nd\u00ebrtojn\u00eb nj\u00eb sken\u00eb ku do t\u00eb flasin protestuesit para Gjykat\u00ebs s\u00eb Lart\u00eb. Ai theksoi se kjo \u00ebsht\u00eb strategji e Rilindjes, nd\u00ebrsa shtoi se nuk do t\u00eb t\u00ebrhiqen nga protestat dhe mosbindja civile. \u201cDuhet t\u00eb &hellip;<\/p>\n","protected":false},"author":4,"featured_media":67470,"comment_status":"closed","ping_status":"closed","sticky":false,"template":"","format":"standard","meta":{"footnotes":""},"categories":[37],"tags":[],"class_list":["post-67469","post","type-post","status-publish","format-standard","has-post-thumbnail","","category-politike"],"_links":{"self":[{"href":"https:\/\/rdnews.al\/index.php\/wp-json\/wp\/v2\/posts\/67469","targetHints":{"allow":["GET"]}}],"collection":[{"href":"https:\/\/rdnews.al\/index.php\/wp-json\/wp\/v2\/posts"}],"about":[{"href":"https:\/\/rdnews.al\/index.php\/wp-json\/wp\/v2\/types\/post"}],"author":[{"embeddable":true,"href":"https:\/\/rdnews.al\/index.php\/wp-json\/wp\/v2\/users\/4"}],"replies":[{"embeddable":true,"href":"https:\/\/rdnews.al\/index.php\/wp-json\/wp\/v2\/comments?post=67469"}],"version-history":[{"count":0,"href":"https:\/\/rdnews.al\/index.php\/wp-json\/wp\/v2\/posts\/67469\/revisions"}],"wp:featuredmedia":[{"embeddable":true,"href":"https:\/\/rdnews.al\/index.php\/wp-json\/wp\/v2\/media\/67470"}],"wp:attachment":[{"href":"https:\/\/rdnews.al\/index.php\/wp-json\/wp\/v2\/media?parent=67469"}],"wp:term":[{"taxonomy":"category","embeddable":true,"href":"https:\/\/rdnews.al\/index.php\/wp-json\/wp\/v2\/categories?post=67469"},{"taxonomy":"post_tag","embeddable":true,"href":"https:\/\/rdnews.al\/index.php\/wp-json\/wp\/v2\/tags?post=67469"}],"curies":[{"name":"wp","href":"https:\/\/api.w.org\/{rel}","templated":true}]}}