{"id":67472,"date":"2023-12-27T08:36:14","date_gmt":"2023-12-27T08:36:14","guid":{"rendered":"https:\/\/rdnews.al\/?p=67472"},"modified":"2023-12-27T08:36:14","modified_gmt":"2023-12-27T08:36:14","slug":"lideri-i-opozites-berisha-i-bashkohet-protestes-para-gjykates-se-larte","status":"publish","type":"post","link":"https:\/\/rdnews.al\/index.php\/2023\/12\/27\/lideri-i-opozites-berisha-i-bashkohet-protestes-para-gjykates-se-larte\/","title":{"rendered":"Lideri i opozit\u00ebs, Berisha i bashkohet protest\u00ebs para Gjykat\u00ebs s\u00eb Lart\u00eb"},"content":{"rendered":"<p>Lideri i opozit\u00ebs, Sali Berisha i \u00ebsht\u00eb bashkuar protestuesve para Gjykat\u00ebs s\u00eb Lart\u00eb, ku pritet t\u00eb merret vendimi se kujt i p\u00ebrket logo dhe vula e PD-s\u00eb.<\/p>\n<p>Protestuesit shp\u00ebrthejn\u00eb me brohoritje; \u201cPosht\u00eb komunismi\u201d, \u201cSali Berisha\u201d, \u201cSali Berisha\u201d etj.<\/p>\n","protected":false},"excerpt":{"rendered":"<p>Lideri i opozit\u00ebs, Sali Berisha i \u00ebsht\u00eb bashkuar protestuesve para Gjykat\u00ebs s\u00eb Lart\u00eb, ku pritet t\u00eb merret vendimi se kujt i p\u00ebrket logo dhe vula e PD-s\u00eb. Protestuesit shp\u00ebrthejn\u00eb me brohoritje; \u201cPosht\u00eb komunismi\u201d, \u201cSali Berisha\u201d, \u201cSali Berisha\u201d etj.<\/p>\n","protected":false},"author":4,"featured_media":67473,"comment_status":"closed","ping_status":"closed","sticky":false,"template":"","format":"standard","meta":{"footnotes":""},"categories":[37],"tags":[],"class_list":["post-67472","post","type-post","status-publish","format-standard","has-post-thumbnail","","category-politike"],"_links":{"self":[{"href":"https:\/\/rdnews.al\/index.php\/wp-json\/wp\/v2\/posts\/67472","targetHints":{"allow":["GET"]}}],"collection":[{"href":"https:\/\/rdnews.al\/index.php\/wp-json\/wp\/v2\/posts"}],"about":[{"href":"https:\/\/rdnews.al\/index.php\/wp-json\/wp\/v2\/types\/post"}],"author":[{"embeddable":true,"href":"https:\/\/rdnews.al\/index.php\/wp-json\/wp\/v2\/users\/4"}],"replies":[{"embeddable":true,"href":"https:\/\/rdnews.al\/index.php\/wp-json\/wp\/v2\/comments?post=67472"}],"version-history":[{"count":0,"href":"https:\/\/rdnews.al\/index.php\/wp-json\/wp\/v2\/posts\/67472\/revisions"}],"wp:featuredmedia":[{"embeddable":true,"href":"https:\/\/rdnews.al\/index.php\/wp-json\/wp\/v2\/media\/67473"}],"wp:attachment":[{"href":"https:\/\/rdnews.al\/index.php\/wp-json\/wp\/v2\/media?parent=67472"}],"wp:term":[{"taxonomy":"category","embeddable":true,"href":"https:\/\/rdnews.al\/index.php\/wp-json\/wp\/v2\/categories?post=67472"},{"taxonomy":"post_tag","embeddable":true,"href":"https:\/\/rdnews.al\/index.php\/wp-json\/wp\/v2\/tags?post=67472"}],"curies":[{"name":"wp","href":"https:\/\/api.w.org\/{rel}","templated":true}]}}